{"id":10093,"date":"2022-11-07T09:49:56","date_gmt":"2022-11-07T08:49:56","guid":{"rendered":"https:\/\/www.benarabi.org\/?p=10093"},"modified":"2022-11-07T09:49:56","modified_gmt":"2022-11-07T08:49:56","slug":"yo-que-haria-si","status":"publish","type":"post","link":"https:\/\/www.benarabi.org\/?p=10093","title":{"rendered":"YO QUE HAR\u00cdA SI\u2026\u2026.."},"content":{"rendered":"<p style=\"text-align: justify;\"><a href=\"https:\/\/www.benarabi.org\/wp-content\/uploads\/2022\/11\/100659.jpg\"><img loading=\"lazy\" decoding=\"async\" class=\"wp-image-10094 alignleft\" src=\"https:\/\/www.benarabi.org\/wp-content\/uploads\/2022\/11\/100659.jpg\" alt=\"\" width=\"150\" height=\"65\" \/><\/a>Bajo este lema, educadores de la Concejal\u00eda de Igualdad del Excelent\u00edsimo Ayuntamiento de Cartagena y miembros del CAVI, han iniciado una campa\u00f1a de concienciaci\u00f3n juvenil sobre la eliminaci\u00f3n de la violencia contra la mujer, con motivo de la proximidad al 25\u00a0 de noviembre.<\/p>\n<p style=\"text-align: justify;\">En las tutor\u00edas se han trabajado diferentes situaciones que podr\u00edan darse y diferentes reacciones a cada una de ellas. Posteriormente alumnos y alumnas voluntarios de diferentes niveles educativos de nuestro centro, han querido alzar su voz y exponer su punto de vista m\u00e1s all\u00e1 de las paredes del aula.<\/p>\n<p style=\"text-align: justify;\">El jueves 3 de noviembre, los voluntarios pusieron su granito de arena en un video que desde la Concejal\u00eda de Igualdad est\u00e1n grabando en todos los centros de la zona, y que utilizar\u00e1n para concienciar y dar voz a los m\u00e1s j\u00f3venes sobre este problema social que tanto nos preocupa.<\/p>\n<p style=\"text-align: justify;\">El v\u00eddeo se estrenar\u00e1 en una charla sobre Violencia de g\u00e9nero y mundo digital que se desarrollar\u00e1 en el Paraninfo de la UPCT de Cartagena, en la que tambi\u00e9n habr\u00e1 una representaci\u00f3n de nuestro alumnado; \u00a0y luego se expondr\u00e1 en las tutor\u00edas de todos nuestros grupos para seguir trabajando durante el mes de noviembre esta tem\u00e1tica.<\/p>\n<p style=\"text-align: justify;\">Terminar diciendo que ha habido una gran participaci\u00f3n, alumnado desde 1\u00ba ESO hasta Bachillerato, chicos y chicas, todos dando voz a sus opiniones y coincidiendo en una misma idea, la lucha por la igualdad y el respeto ante todas las cosas.<\/p>\n","protected":false},"excerpt":{"rendered":"<p>Bajo este lema, educadores de la Concejal\u00eda de Igualdad del Excelent\u00edsimo Ayuntamiento de Cartagena y miembros del CAVI, han iniciado una campa\u00f1a de concienciaci\u00f3n juvenil sobre la eliminaci\u00f3n de la violencia contra la mujer, con motivo de la proximidad al 25\u00a0 de noviembre. En las tutor\u00edas se han trabajado diferentes situaciones que podr\u00edan darse y [&hellip;]<\/p>\n","protected":false},"author":1,"featured_media":0,"comment_status":"closed","ping_status":"open","sticky":false,"template":"","format":"standard","meta":{"footnotes":""},"categories":[1],"tags":[],"class_list":["post-10093","post","type-post","status-publish","format-standard","hentry","category-sin-categoria"],"_links":{"self":[{"href":"https:\/\/www.benarabi.org\/index.php?rest_route=\/wp\/v2\/posts\/10093","targetHints":{"allow":["GET"]}}],"collection":[{"href":"https:\/\/www.benarabi.org\/index.php?rest_route=\/wp\/v2\/posts"}],"about":[{"href":"https:\/\/www.benarabi.org\/index.php?rest_route=\/wp\/v2\/types\/post"}],"author":[{"embeddable":true,"href":"https:\/\/www.benarabi.org\/index.php?rest_route=\/wp\/v2\/users\/1"}],"replies":[{"embeddable":true,"href":"https:\/\/www.benarabi.org\/index.php?rest_route=%2Fwp%2Fv2%2Fcomments&post=10093"}],"version-history":[{"count":1,"href":"https:\/\/www.benarabi.org\/index.php?rest_route=\/wp\/v2\/posts\/10093\/revisions"}],"predecessor-version":[{"id":10095,"href":"https:\/\/www.benarabi.org\/index.php?rest_route=\/wp\/v2\/posts\/10093\/revisions\/10095"}],"wp:attachment":[{"href":"https:\/\/www.benarabi.org\/index.php?rest_route=%2Fwp%2Fv2%2Fmedia&parent=10093"}],"wp:term":[{"taxonomy":"category","embeddable":true,"href":"https:\/\/www.benarabi.org\/index.php?rest_route=%2Fwp%2Fv2%2Fcategories&post=10093"},{"taxonomy":"post_tag","embeddable":true,"href":"https:\/\/www.benarabi.org\/index.php?rest_route=%2Fwp%2Fv2%2Ftags&post=10093"}],"curies":[{"name":"wp","href":"https:\/\/api.w.org\/{rel}","templated":true}]}}