{"id":10108,"date":"2022-11-23T10:42:29","date_gmt":"2022-11-23T09:42:29","guid":{"rendered":"https:\/\/www.benarabi.org\/?p=10108"},"modified":"2022-11-23T10:45:40","modified_gmt":"2022-11-23T09:45:40","slug":"aula-de-teatro-ies-ben-arabi-en-jornadas-de-innovacion-docente-de-la-ensenanza","status":"publish","type":"post","link":"https:\/\/www.benarabi.org\/?p=10108","title":{"rendered":"Aula de Teatro IES Ben Arab\u00ed en Jornadas  de Innovaci\u00f3n Docente de la Ense\u00f1anza"},"content":{"rendered":"<p style=\"text-align: justify;\">El viernes 18 de noviembre el Aula de Teatro IES Ben Arab\u00ed visit\u00f3 la Facultad de Letras y particip\u00f3 en las Jornadas\u00a0 de Innovaci\u00f3n Docente de la Ense\u00f1anza de la Literatura Espa\u00f1ola en la ESO y Bachillerato.<\/p>\n<p style=\"text-align: justify;\">Os dejamos un video de Youtube por si os apetece ver\u00a0 lo que hicimos.<\/p>\n<div style=\"text-align: justify;\">\n<p><iframe loading=\"lazy\" title=\"Invitacio\u0301n UMU Respirando Amor\" width=\"830\" height=\"467\" src=\"https:\/\/www.youtube.com\/embed\/8HwLpqDw2AY?feature=oembed\" frameborder=\"0\" allow=\"accelerometer; autoplay; clipboard-write; encrypted-media; gyroscope; picture-in-picture\" allowfullscreen><\/iframe><\/p>\n<\/div>\n<p style=\"text-align: justify;\">Tambi\u00e9n incluimos un v\u00eddeo\u00a0 de recuerdo que la responsable del grupo de teatro, Bel\u00e9n Pi\u00f1ana, he hecho para los alumnos.<\/p>\n<div style=\"text-align: justify;\">\n<p><iframe loading=\"lazy\" title=\"Aula de Teatro IES Ben Arab\u00ed\" width=\"830\" height=\"467\" src=\"https:\/\/www.youtube.com\/embed\/nqHG8-_RgiM?feature=oembed\" frameborder=\"0\" allow=\"accelerometer; autoplay; clipboard-write; encrypted-media; gyroscope; picture-in-picture\" allowfullscreen><\/iframe><\/p>\n<\/div>\n<p style=\"text-align: justify;\">\u00a1Arriba el tel\u00f3n!<\/p>\n","protected":false},"excerpt":{"rendered":"<p>El viernes 18 de noviembre el Aula de Teatro IES Ben Arab\u00ed visit\u00f3 la Facultad de Letras y particip\u00f3 en las Jornadas\u00a0 de Innovaci\u00f3n Docente de la Ense\u00f1anza de la Literatura Espa\u00f1ola en la ESO y Bachillerato. Os dejamos un video de Youtube por si os apetece ver\u00a0 lo que hicimos. Tambi\u00e9n incluimos un v\u00eddeo\u00a0 [&hellip;]<\/p>\n","protected":false},"author":1,"featured_media":0,"comment_status":"closed","ping_status":"open","sticky":false,"template":"","format":"standard","meta":{"footnotes":""},"categories":[1],"tags":[],"class_list":["post-10108","post","type-post","status-publish","format-standard","hentry","category-sin-categoria"],"_links":{"self":[{"href":"https:\/\/www.benarabi.org\/index.php?rest_route=\/wp\/v2\/posts\/10108","targetHints":{"allow":["GET"]}}],"collection":[{"href":"https:\/\/www.benarabi.org\/index.php?rest_route=\/wp\/v2\/posts"}],"about":[{"href":"https:\/\/www.benarabi.org\/index.php?rest_route=\/wp\/v2\/types\/post"}],"author":[{"embeddable":true,"href":"https:\/\/www.benarabi.org\/index.php?rest_route=\/wp\/v2\/users\/1"}],"replies":[{"embeddable":true,"href":"https:\/\/www.benarabi.org\/index.php?rest_route=%2Fwp%2Fv2%2Fcomments&post=10108"}],"version-history":[{"count":10,"href":"https:\/\/www.benarabi.org\/index.php?rest_route=\/wp\/v2\/posts\/10108\/revisions"}],"predecessor-version":[{"id":10116,"href":"https:\/\/www.benarabi.org\/index.php?rest_route=\/wp\/v2\/posts\/10108\/revisions\/10116"}],"wp:attachment":[{"href":"https:\/\/www.benarabi.org\/index.php?rest_route=%2Fwp%2Fv2%2Fmedia&parent=10108"}],"wp:term":[{"taxonomy":"category","embeddable":true,"href":"https:\/\/www.benarabi.org\/index.php?rest_route=%2Fwp%2Fv2%2Fcategories&post=10108"},{"taxonomy":"post_tag","embeddable":true,"href":"https:\/\/www.benarabi.org\/index.php?rest_route=%2Fwp%2Fv2%2Ftags&post=10108"}],"curies":[{"name":"wp","href":"https:\/\/api.w.org\/{rel}","templated":true}]}}