{"id":10160,"date":"2022-11-30T11:04:23","date_gmt":"2022-11-30T10:04:23","guid":{"rendered":"https:\/\/www.benarabi.org\/?p=10160"},"modified":"2022-11-30T11:04:23","modified_gmt":"2022-11-30T10:04:23","slug":"violencia-de-genero-en-el-mundo-digital","status":"publish","type":"post","link":"https:\/\/www.benarabi.org\/?p=10160","title":{"rendered":"VIOLENCIA DE G\u00c9NERO EN EL MUNDO DIGITAL"},"content":{"rendered":"<p style=\"text-align: justify;\"><a href=\"https:\/\/www.benarabi.org\/wp-content\/uploads\/2022\/11\/Mas-participacion-scaled.jpg\"><img loading=\"lazy\" decoding=\"async\" class=\"wp-image-10161 alignleft\" src=\"https:\/\/www.benarabi.org\/wp-content\/uploads\/2022\/11\/Mas-participacion-scaled.jpg\" alt=\"\" width=\"150\" height=\"68\" srcset=\"https:\/\/www.benarabi.org\/wp-content\/uploads\/2022\/11\/Mas-participacion-scaled.jpg 2560w, https:\/\/www.benarabi.org\/wp-content\/uploads\/2022\/11\/Mas-participacion-768x345.jpg 768w, https:\/\/www.benarabi.org\/wp-content\/uploads\/2022\/11\/Mas-participacion-1536x691.jpg 1536w, https:\/\/www.benarabi.org\/wp-content\/uploads\/2022\/11\/Mas-participacion-2048x921.jpg 2048w\" sizes=\"auto, (max-width: 150px) 100vw, 150px\" \/><\/a>El d\u00eda 24 de noviembre, los alumnos y alumnas de algunos de nuestros 4\u00ba de ESO, acompa\u00f1ados de sus tutores y del Departamento de Orientaci\u00f3n del IES, fueron al Paraninfo de la UPCT para asistir a una charla sobre adolescencia y violencia de g\u00e9nero digital, llevada a cabo por Abraham Fern\u00e1ndez y coordinada por la Concejal\u00eda de Igualdad del Excelent\u00edsimo Ayuntamiento de Cartagena y el CAVI (Centro de Atenci\u00f3n a Mujeres V\u00edctimas de Violencia de G\u00e9nero).<\/p>\n<p style=\"text-align: justify;\">A dicha charla asistieron alumnos de otros centros de nuestra localidad como el IES Isaac Peral o El Boh\u00edo, entre otros.<\/p>\n<p style=\"text-align: justify;\">M\u00e1s de 600 j\u00f3venes estuvieron discutiendo sobre cuestiones relacionadas, dando su opini\u00f3n y entrando en debate, adem\u00e1s de conocer los recursos que tienen a su alcance para denunciar todo este tipo de situaciones y ayudar a quien las est\u00e9 sufriendo.<\/p>\n<p style=\"text-align: justify;\">Disfrutamos mucho del camino y nuestros alumnos participaron activamente en todas las actividades propuestas. Esperamos que fuera una ma\u00f1ana fruct\u00edfera para ellos y que aprendieran bastante.<\/p>\n<div id='gallery-1' class='gallery galleryid-10160 gallery-columns-5 gallery-size-thumbnail'><figure class='gallery-item'>\n\t\t\t<div class='gallery-icon landscape'>\n\t\t\t\t<a href='https:\/\/www.benarabi.org\/?attachment_id=10161'><img loading=\"lazy\" decoding=\"async\" width=\"250\" height=\"141\" src=\"https:\/\/www.benarabi.org\/wp-content\/uploads\/2022\/11\/Mas-participacion-250x141.jpg\" class=\"attachment-thumbnail size-thumbnail\" alt=\"\" srcset=\"https:\/\/www.benarabi.org\/wp-content\/uploads\/2022\/11\/Mas-participacion-250x141.jpg 250w, https:\/\/www.benarabi.org\/wp-content\/uploads\/2022\/11\/Mas-participacion-850x478.jpg 850w, https:\/\/www.benarabi.org\/wp-content\/uploads\/2022\/11\/Mas-participacion-1200x675.jpg 1200w\" sizes=\"auto, (max-width: 250px) 100vw, 250px\" \/><\/a>\n\t\t\t<\/div><\/figure><figure class='gallery-item'>\n\t\t\t<div class='gallery-icon landscape'>\n\t\t\t\t<a href='https:\/\/www.benarabi.org\/?attachment_id=10162'><img loading=\"lazy\" decoding=\"async\" width=\"250\" height=\"141\" src=\"https:\/\/www.benarabi.org\/wp-content\/uploads\/2022\/11\/Esperando-que-empiece-250x141.jpg\" class=\"attachment-thumbnail size-thumbnail\" alt=\"\" srcset=\"https:\/\/www.benarabi.org\/wp-content\/uploads\/2022\/11\/Esperando-que-empiece-250x141.jpg 250w, https:\/\/www.benarabi.org\/wp-content\/uploads\/2022\/11\/Esperando-que-empiece-850x478.jpg 850w, https:\/\/www.benarabi.org\/wp-content\/uploads\/2022\/11\/Esperando-que-empiece-1200x675.jpg 1200w\" sizes=\"auto, (max-width: 250px) 100vw, 250px\" \/><\/a>\n\t\t\t<\/div><\/figure><figure class='gallery-item'>\n\t\t\t<div class='gallery-icon landscape'>\n\t\t\t\t<a href='https:\/\/www.benarabi.org\/?attachment_id=10163'><img loading=\"lazy\" decoding=\"async\" width=\"250\" height=\"141\" src=\"https:\/\/www.benarabi.org\/wp-content\/uploads\/2022\/11\/25-N-charla-250x141.jpg\" class=\"attachment-thumbnail size-thumbnail\" alt=\"\" srcset=\"https:\/\/www.benarabi.org\/wp-content\/uploads\/2022\/11\/25-N-charla-250x141.jpg 250w, https:\/\/www.benarabi.org\/wp-content\/uploads\/2022\/11\/25-N-charla-850x478.jpg 850w, https:\/\/www.benarabi.org\/wp-content\/uploads\/2022\/11\/25-N-charla-1200x675.jpg 1200w\" sizes=\"auto, (max-width: 250px) 100vw, 250px\" \/><\/a>\n\t\t\t<\/div><\/figure><figure class='gallery-item'>\n\t\t\t<div class='gallery-icon landscape'>\n\t\t\t\t<a href='https:\/\/www.benarabi.org\/?attachment_id=10164'><img loading=\"lazy\" decoding=\"async\" width=\"250\" height=\"141\" src=\"https:\/\/www.benarabi.org\/wp-content\/uploads\/2022\/11\/Participacion-Ben-Arabi-250x141.jpg\" class=\"attachment-thumbnail size-thumbnail\" alt=\"\" srcset=\"https:\/\/www.benarabi.org\/wp-content\/uploads\/2022\/11\/Participacion-Ben-Arabi-250x141.jpg 250w, https:\/\/www.benarabi.org\/wp-content\/uploads\/2022\/11\/Participacion-Ben-Arabi-850x478.jpg 850w, https:\/\/www.benarabi.org\/wp-content\/uploads\/2022\/11\/Participacion-Ben-Arabi-1200x675.jpg 1200w\" sizes=\"auto, (max-width: 250px) 100vw, 250px\" \/><\/a>\n\t\t\t<\/div><\/figure><figure class='gallery-item'>\n\t\t\t<div class='gallery-icon landscape'>\n\t\t\t\t<a href='https:\/\/www.benarabi.org\/?attachment_id=10165'><img loading=\"lazy\" decoding=\"async\" width=\"250\" height=\"141\" src=\"https:\/\/www.benarabi.org\/wp-content\/uploads\/2022\/11\/Participacion-alumna-250x141.jpg\" class=\"attachment-thumbnail size-thumbnail\" alt=\"\" aria-describedby=\"gallery-1-10165\" srcset=\"https:\/\/www.benarabi.org\/wp-content\/uploads\/2022\/11\/Participacion-alumna-250x141.jpg 250w, https:\/\/www.benarabi.org\/wp-content\/uploads\/2022\/11\/Participacion-alumna-850x478.jpg 850w, https:\/\/www.benarabi.org\/wp-content\/uploads\/2022\/11\/Participacion-alumna-1200x675.jpg 1200w\" sizes=\"auto, (max-width: 250px) 100vw, 250px\" \/><\/a>\n\t\t\t<\/div>\n\t\t\t\t<figcaption class='wp-caption-text gallery-caption' id='gallery-1-10165'>\n\t\t\t\tSDFGBSFG\n\t\t\t\t<\/figcaption><\/figure>\n\t\t<\/div>\n\n","protected":false},"excerpt":{"rendered":"<p>El d\u00eda 24 de noviembre, los alumnos y alumnas de algunos de nuestros 4\u00ba de ESO, acompa\u00f1ados de sus tutores y del Departamento de Orientaci\u00f3n del IES, fueron al Paraninfo de la UPCT para asistir a una charla sobre adolescencia y violencia de g\u00e9nero digital, llevada a cabo por Abraham Fern\u00e1ndez y coordinada por la [&hellip;]<\/p>\n","protected":false},"author":1,"featured_media":0,"comment_status":"closed","ping_status":"open","sticky":false,"template":"","format":"standard","meta":{"footnotes":""},"categories":[1],"tags":[],"class_list":["post-10160","post","type-post","status-publish","format-standard","hentry","category-sin-categoria"],"_links":{"self":[{"href":"https:\/\/www.benarabi.org\/index.php?rest_route=\/wp\/v2\/posts\/10160","targetHints":{"allow":["GET"]}}],"collection":[{"href":"https:\/\/www.benarabi.org\/index.php?rest_route=\/wp\/v2\/posts"}],"about":[{"href":"https:\/\/www.benarabi.org\/index.php?rest_route=\/wp\/v2\/types\/post"}],"author":[{"embeddable":true,"href":"https:\/\/www.benarabi.org\/index.php?rest_route=\/wp\/v2\/users\/1"}],"replies":[{"embeddable":true,"href":"https:\/\/www.benarabi.org\/index.php?rest_route=%2Fwp%2Fv2%2Fcomments&post=10160"}],"version-history":[{"count":1,"href":"https:\/\/www.benarabi.org\/index.php?rest_route=\/wp\/v2\/posts\/10160\/revisions"}],"predecessor-version":[{"id":10166,"href":"https:\/\/www.benarabi.org\/index.php?rest_route=\/wp\/v2\/posts\/10160\/revisions\/10166"}],"wp:attachment":[{"href":"https:\/\/www.benarabi.org\/index.php?rest_route=%2Fwp%2Fv2%2Fmedia&parent=10160"}],"wp:term":[{"taxonomy":"category","embeddable":true,"href":"https:\/\/www.benarabi.org\/index.php?rest_route=%2Fwp%2Fv2%2Fcategories&post=10160"},{"taxonomy":"post_tag","embeddable":true,"href":"https:\/\/www.benarabi.org\/index.php?rest_route=%2Fwp%2Fv2%2Ftags&post=10160"}],"curies":[{"name":"wp","href":"https:\/\/api.w.org\/{rel}","templated":true}]}}