{"id":10205,"date":"2022-12-21T11:37:41","date_gmt":"2022-12-21T10:37:41","guid":{"rendered":"https:\/\/www.benarabi.org\/?p=10205"},"modified":"2022-12-21T14:25:47","modified_gmt":"2022-12-21T13:25:47","slug":"salud-emocional-en-la-adolescencia","status":"publish","type":"post","link":"https:\/\/www.benarabi.org\/?p=10205","title":{"rendered":"Charla para padres: Salud emocional en la adolescencia"},"content":{"rendered":"<p style=\"text-align: justify;\"><a href=\"https:\/\/www.benarabi.org\/wp-content\/uploads\/2022\/12\/Foto-charla-scaled.jpg\"><img loading=\"lazy\" decoding=\"async\" class=\"wp-image-10206 alignleft\" src=\"https:\/\/www.benarabi.org\/wp-content\/uploads\/2022\/12\/Foto-charla-scaled.jpg\" alt=\"\" width=\"150\" height=\"68\" srcset=\"https:\/\/www.benarabi.org\/wp-content\/uploads\/2022\/12\/Foto-charla-scaled.jpg 2560w, https:\/\/www.benarabi.org\/wp-content\/uploads\/2022\/12\/Foto-charla-768x345.jpg 768w, https:\/\/www.benarabi.org\/wp-content\/uploads\/2022\/12\/Foto-charla-1536x691.jpg 1536w, https:\/\/www.benarabi.org\/wp-content\/uploads\/2022\/12\/Foto-charla-2048x921.jpg 2048w\" sizes=\"auto, (max-width: 150px) 100vw, 150px\" \/><\/a>Enmarcada en el Programa de Educaci\u00f3n para la Salud de nuestro centro, el pasado 14 de diciembre, tuvo lugar la primera charla destinada a padres de este curso.<\/p>\n<p style=\"text-align: justify;\">La tem\u00e1tica escogida para esta ocasi\u00f3n fue la SALUD EMOCIONAL EN LA ADOLESCENCIA y tuvo muy buena acogida y participaci\u00f3n. La psic\u00f3loga cl\u00ednica Mar\u00eda Jos\u00e9 Cegarra Bautista fue la encargada de explicar las caracter\u00edsticas de la adolescencia, dar pistas sobre c\u00f3mo tratar a nuestros hijos a estas edades y c\u00f3mo responder a las problem\u00e1ticas emocionales que suelen surgir en esta etapa. Los padres y madres asistentes pudieron resolver dudas y aprender trucos para poder usar en casa.<\/p>\n<p style=\"text-align: justify;\">El departamento de orientaci\u00f3n, qui\u00e9n se encarg\u00f3 en esta ocasi\u00f3n de organizar la charla, la responsable de Educaci\u00f3n para la Salud del centro, el Equipo Directivo y la presidenta del AMPA, pusieron su granito de arena para que esto fuera posible y quieren agradecer a todas las familias su asistencia y participaci\u00f3n y animar al resto a seguir aprovechando estos ratos de encuentro y aprendizaje que se van a brindar desde el instituto a lo largo de este curso escolar.<\/p>\n<p>Os adjuntamos la <a href=\"https:\/\/www.benarabi.org\/wp-content\/uploads\/2022\/12\/SOS-MI-HIJO-ES-ADOLESCENTE.pptx\">presentaci\u00f3n<\/a> proyectada durante la charla.<\/p>\n","protected":false},"excerpt":{"rendered":"<p>Enmarcada en el Programa de Educaci\u00f3n para la Salud de nuestro centro, el pasado 14 de diciembre, tuvo lugar la primera charla destinada a padres de este curso. La tem\u00e1tica escogida para esta ocasi\u00f3n fue la SALUD EMOCIONAL EN LA ADOLESCENCIA y tuvo muy buena acogida y participaci\u00f3n. La psic\u00f3loga cl\u00ednica Mar\u00eda Jos\u00e9 Cegarra Bautista [&hellip;]<\/p>\n","protected":false},"author":1,"featured_media":0,"comment_status":"closed","ping_status":"open","sticky":false,"template":"","format":"standard","meta":{"footnotes":""},"categories":[1],"tags":[],"class_list":["post-10205","post","type-post","status-publish","format-standard","hentry","category-sin-categoria"],"_links":{"self":[{"href":"https:\/\/www.benarabi.org\/index.php?rest_route=\/wp\/v2\/posts\/10205","targetHints":{"allow":["GET"]}}],"collection":[{"href":"https:\/\/www.benarabi.org\/index.php?rest_route=\/wp\/v2\/posts"}],"about":[{"href":"https:\/\/www.benarabi.org\/index.php?rest_route=\/wp\/v2\/types\/post"}],"author":[{"embeddable":true,"href":"https:\/\/www.benarabi.org\/index.php?rest_route=\/wp\/v2\/users\/1"}],"replies":[{"embeddable":true,"href":"https:\/\/www.benarabi.org\/index.php?rest_route=%2Fwp%2Fv2%2Fcomments&post=10205"}],"version-history":[{"count":5,"href":"https:\/\/www.benarabi.org\/index.php?rest_route=\/wp\/v2\/posts\/10205\/revisions"}],"predecessor-version":[{"id":10209,"href":"https:\/\/www.benarabi.org\/index.php?rest_route=\/wp\/v2\/posts\/10205\/revisions\/10209"}],"wp:attachment":[{"href":"https:\/\/www.benarabi.org\/index.php?rest_route=%2Fwp%2Fv2%2Fmedia&parent=10205"}],"wp:term":[{"taxonomy":"category","embeddable":true,"href":"https:\/\/www.benarabi.org\/index.php?rest_route=%2Fwp%2Fv2%2Fcategories&post=10205"},{"taxonomy":"post_tag","embeddable":true,"href":"https:\/\/www.benarabi.org\/index.php?rest_route=%2Fwp%2Fv2%2Ftags&post=10205"}],"curies":[{"name":"wp","href":"https:\/\/api.w.org\/{rel}","templated":true}]}}