{"id":10275,"date":"2023-01-23T10:40:23","date_gmt":"2023-01-23T09:40:23","guid":{"rendered":"https:\/\/www.benarabi.org\/?p=10275"},"modified":"2023-01-23T14:07:25","modified_gmt":"2023-01-23T13:07:25","slug":"xi-semana-cultural-el-comic","status":"publish","type":"post","link":"https:\/\/www.benarabi.org\/?p=10275","title":{"rendered":"XI Semana Cultural: \u201cEl c\u00f3mic\u201d"},"content":{"rendered":"<p style=\"text-align: justify;\"><a href=\"https:\/\/www.benarabi.org\/wp-content\/uploads\/2023\/01\/Candel-Nu\u0301n\u0303ez.jpg\"><img loading=\"lazy\" decoding=\"async\" class=\"wp-image-10281 alignleft\" src=\"https:\/\/www.benarabi.org\/wp-content\/uploads\/2023\/01\/Candel-Nu\u0301n\u0303ez.jpg\" alt=\"\" width=\"150\" height=\"212\" srcset=\"https:\/\/www.benarabi.org\/wp-content\/uploads\/2023\/01\/Candel-Nu\u0301n\u0303ez.jpg 1588w, https:\/\/www.benarabi.org\/wp-content\/uploads\/2023\/01\/Candel-Nu\u0301n\u0303ez-768x1086.jpg 768w, https:\/\/www.benarabi.org\/wp-content\/uploads\/2023\/01\/Candel-Nu\u0301n\u0303ez-1086x1536.jpg 1086w, https:\/\/www.benarabi.org\/wp-content\/uploads\/2023\/01\/Candel-Nu\u0301n\u0303ez-1449x2048.jpg 1449w\" sizes=\"auto, (max-width: 150px) 100vw, 150px\" \/><\/a>Estimadas familias:<\/p>\n<p style=\"text-align: justify;\">Un curso m\u00e1s, desde el IES Ben Arab\u00ed ponemos en marcha la Semana Cultural de nuestro centro. En su und\u00e9cima edici\u00f3n, nos hemos propuesto acercar a nuestros alumnos el mundo del c\u00f3mic.<\/p>\n<p style=\"text-align: justify;\">Del lunes 23 al jueves 26 de enero de 2023, se van a desarrollar en el centro numerosas actividades culturales de todo tipo. Conferencias, concursos, charlas, actividades pr\u00e1cticas y de aula, exposiciones,&#8230;.<\/p>\n<p style=\"text-align: justify;\">El viernes 27 de enero celebraremos el d\u00eda del centro.<\/p>\n<p>El lunes 30 de enero no habr\u00e1 clases ya que celebraremos la Festividad de Santo Tom\u00e1s de Aquino.<\/p>\n<p style=\"text-align: justify;\">Si quieres conocer el Programa completo y detallado, <a href=\"https:\/\/www.benarabi.org\/wp-content\/uploads\/2023\/01\/Programa-Semana-Cultural-1.pdf\">pincha aqu\u00ed<\/a>.<\/p>\n<p>Si quieres ver las bases del concurso de microrrelatos, <a href=\"https:\/\/www.benarabi.org\/wp-content\/uploads\/2023\/01\/BASES-DEL-CONCURSO-DE-MICRORRELATOS-IES-BEN-ARABI-2023-1.pdf\">pincha aqu\u00ed<\/a>.<\/p>\n","protected":false},"excerpt":{"rendered":"<p>Estimadas familias: Un curso m\u00e1s, desde el IES Ben Arab\u00ed ponemos en marcha la Semana Cultural de nuestro centro. En su und\u00e9cima edici\u00f3n, nos hemos propuesto acercar a nuestros alumnos el mundo del c\u00f3mic. Del lunes 23 al jueves 26 de enero de 2023, se van a desarrollar en el centro numerosas actividades culturales de [&hellip;]<\/p>\n","protected":false},"author":1,"featured_media":0,"comment_status":"closed","ping_status":"open","sticky":false,"template":"","format":"standard","meta":{"footnotes":""},"categories":[1],"tags":[],"class_list":["post-10275","post","type-post","status-publish","format-standard","hentry","category-sin-categoria"],"_links":{"self":[{"href":"https:\/\/www.benarabi.org\/index.php?rest_route=\/wp\/v2\/posts\/10275","targetHints":{"allow":["GET"]}}],"collection":[{"href":"https:\/\/www.benarabi.org\/index.php?rest_route=\/wp\/v2\/posts"}],"about":[{"href":"https:\/\/www.benarabi.org\/index.php?rest_route=\/wp\/v2\/types\/post"}],"author":[{"embeddable":true,"href":"https:\/\/www.benarabi.org\/index.php?rest_route=\/wp\/v2\/users\/1"}],"replies":[{"embeddable":true,"href":"https:\/\/www.benarabi.org\/index.php?rest_route=%2Fwp%2Fv2%2Fcomments&post=10275"}],"version-history":[{"count":3,"href":"https:\/\/www.benarabi.org\/index.php?rest_route=\/wp\/v2\/posts\/10275\/revisions"}],"predecessor-version":[{"id":10282,"href":"https:\/\/www.benarabi.org\/index.php?rest_route=\/wp\/v2\/posts\/10275\/revisions\/10282"}],"wp:attachment":[{"href":"https:\/\/www.benarabi.org\/index.php?rest_route=%2Fwp%2Fv2%2Fmedia&parent=10275"}],"wp:term":[{"taxonomy":"category","embeddable":true,"href":"https:\/\/www.benarabi.org\/index.php?rest_route=%2Fwp%2Fv2%2Fcategories&post=10275"},{"taxonomy":"post_tag","embeddable":true,"href":"https:\/\/www.benarabi.org\/index.php?rest_route=%2Fwp%2Fv2%2Ftags&post=10275"}],"curies":[{"name":"wp","href":"https:\/\/api.w.org\/{rel}","templated":true}]}}