{"id":10413,"date":"2023-02-07T13:44:07","date_gmt":"2023-02-07T12:44:07","guid":{"rendered":"https:\/\/www.benarabi.org\/?p=10413"},"modified":"2023-02-09T11:03:12","modified_gmt":"2023-02-09T10:03:12","slug":"intercambio-lycee-pierre-du-terrail-pontcharra-ies-ben-arabi-cartagena","status":"publish","type":"post","link":"https:\/\/www.benarabi.org\/?p=10413","title":{"rendered":"INTERCAMBIO LYC\u00c9E \u201cPIERRE DU TERRAIL\u201d PONTCHARRA- IES \u201cBEN ARAB\u00cd\u201d CARTAGENA"},"content":{"rendered":"<p style=\"text-align: justify;\"><a href=\"https:\/\/www.benarabi.org\/wp-content\/uploads\/2023\/02\/IMG_3561-scaled.jpg\"><img loading=\"lazy\" decoding=\"async\" class=\"wp-image-10415 alignleft\" src=\"https:\/\/www.benarabi.org\/wp-content\/uploads\/2023\/02\/IMG_3561-scaled.jpg\" alt=\"\" width=\"150\" height=\"113\" srcset=\"https:\/\/www.benarabi.org\/wp-content\/uploads\/2023\/02\/IMG_3561-scaled.jpg 2560w, https:\/\/www.benarabi.org\/wp-content\/uploads\/2023\/02\/IMG_3561-768x576.jpg 768w, https:\/\/www.benarabi.org\/wp-content\/uploads\/2023\/02\/IMG_3561-1536x1152.jpg 1536w, https:\/\/www.benarabi.org\/wp-content\/uploads\/2023\/02\/IMG_3561-2048x1536.jpg 2048w\" sizes=\"auto, (max-width: 150px) 100vw, 150px\" \/><\/a>El IES \u201cBen Arab\u00ed\u201d ha retomado su intercambio escolar con el instituto franc\u00e9s \u201cPierre du Terrail\u201d, ubicado en la localidad francesa de Pontcharra, en la regi\u00f3n de Rh\u00f4ne-Alpes. La relaci\u00f3n entre ambos centros comenz\u00f3 en el a\u00f1o 2001 y s\u00f3lo ha cesado durante los a\u00f1os de pandemia. Este curso se ha reanudado y,\u00a0 del 21 al 28 de enero, alumnos de 4\u00ba de la ESO y 1\u00ba de Bachillerato del IES \u201cBen Arab\u00ed\u201d han podido disfrutar del maravilloso entorno de esta localidad acogidos por familias francesas.<\/p>\n<p style=\"text-align: justify;\">Entre las diversas actividades que los alumnos han podido realizar se encuentran las visitas a las ciudades de Grenoble, Annecy y Chamb\u00e9ry o la subida a Les Cr\u00eates des Belettes con raquetas de nieve.<\/p>\n<p style=\"text-align: justify;\">Adem\u00e1s, el mi\u00e9rcoles 25 por la ma\u00f1ana los alumnos fueron acogidos e invitados a un desayuno junto con los alumnos franceses en el Ayuntamiento de Pontcharra. All\u00ed fueron recibidos por la teniente de alcalde D\u00f1a. Sandrine Simonato, quien les dedic\u00f3, junto con el director del IES Ben Arab\u00ed, D. Manuel D\u00edaz Segura, unas calurosas y entra\u00f1ables palabras.<\/p>\n<div id='gallery-1' class='gallery galleryid-10413 gallery-columns-3 gallery-size-thumbnail'><figure class='gallery-item'>\n\t\t\t<div class='gallery-icon portrait'>\n\t\t\t\t<a href='https:\/\/www.benarabi.org\/?attachment_id=10496'><img loading=\"lazy\" decoding=\"async\" width=\"250\" height=\"141\" src=\"https:\/\/www.benarabi.org\/wp-content\/uploads\/2023\/02\/daba6e79-1fc5-4a99-829e-676b3c0546ca-250x141.jpg\" class=\"attachment-thumbnail size-thumbnail\" alt=\"\" srcset=\"https:\/\/www.benarabi.org\/wp-content\/uploads\/2023\/02\/daba6e79-1fc5-4a99-829e-676b3c0546ca-250x141.jpg 250w, https:\/\/www.benarabi.org\/wp-content\/uploads\/2023\/02\/daba6e79-1fc5-4a99-829e-676b3c0546ca-850x478.jpg 850w, https:\/\/www.benarabi.org\/wp-content\/uploads\/2023\/02\/daba6e79-1fc5-4a99-829e-676b3c0546ca-1200x675.jpg 1200w\" sizes=\"auto, (max-width: 250px) 100vw, 250px\" \/><\/a>\n\t\t\t<\/div><\/figure><figure class='gallery-item'>\n\t\t\t<div class='gallery-icon landscape'>\n\t\t\t\t<a href='https:\/\/www.benarabi.org\/?attachment_id=10497'><img loading=\"lazy\" decoding=\"async\" width=\"250\" height=\"141\" src=\"https:\/\/www.benarabi.org\/wp-content\/uploads\/2023\/02\/PHOTO-2023-02-07-13-55-59-250x141.jpg\" class=\"attachment-thumbnail size-thumbnail\" alt=\"\" srcset=\"https:\/\/www.benarabi.org\/wp-content\/uploads\/2023\/02\/PHOTO-2023-02-07-13-55-59-250x141.jpg 250w, https:\/\/www.benarabi.org\/wp-content\/uploads\/2023\/02\/PHOTO-2023-02-07-13-55-59-850x478.jpg 850w, https:\/\/www.benarabi.org\/wp-content\/uploads\/2023\/02\/PHOTO-2023-02-07-13-55-59-1200x675.jpg 1200w\" sizes=\"auto, (max-width: 250px) 100vw, 250px\" \/><\/a>\n\t\t\t<\/div><\/figure><figure class='gallery-item'>\n\t\t\t<div class='gallery-icon landscape'>\n\t\t\t\t<a href='https:\/\/www.benarabi.org\/?attachment_id=10498'><img loading=\"lazy\" decoding=\"async\" width=\"250\" height=\"141\" src=\"https:\/\/www.benarabi.org\/wp-content\/uploads\/2023\/02\/PHOTO-2023-02-07-13-55-58-250x141.jpg\" class=\"attachment-thumbnail size-thumbnail\" alt=\"\" srcset=\"https:\/\/www.benarabi.org\/wp-content\/uploads\/2023\/02\/PHOTO-2023-02-07-13-55-58-250x141.jpg 250w, https:\/\/www.benarabi.org\/wp-content\/uploads\/2023\/02\/PHOTO-2023-02-07-13-55-58-850x478.jpg 850w, https:\/\/www.benarabi.org\/wp-content\/uploads\/2023\/02\/PHOTO-2023-02-07-13-55-58-1200x675.jpg 1200w\" sizes=\"auto, (max-width: 250px) 100vw, 250px\" \/><\/a>\n\t\t\t<\/div><\/figure>\n\t\t<\/div>\n\n","protected":false},"excerpt":{"rendered":"<p>El IES \u201cBen Arab\u00ed\u201d ha retomado su intercambio escolar con el instituto franc\u00e9s \u201cPierre du Terrail\u201d, ubicado en la localidad francesa de Pontcharra, en la regi\u00f3n de Rh\u00f4ne-Alpes. La relaci\u00f3n entre ambos centros comenz\u00f3 en el a\u00f1o 2001 y s\u00f3lo ha cesado durante los a\u00f1os de pandemia. Este curso se ha reanudado y,\u00a0 del 21 [&hellip;]<\/p>\n","protected":false},"author":1,"featured_media":0,"comment_status":"closed","ping_status":"open","sticky":false,"template":"","format":"standard","meta":{"footnotes":""},"categories":[1],"tags":[],"class_list":["post-10413","post","type-post","status-publish","format-standard","hentry","category-sin-categoria"],"_links":{"self":[{"href":"https:\/\/www.benarabi.org\/index.php?rest_route=\/wp\/v2\/posts\/10413","targetHints":{"allow":["GET"]}}],"collection":[{"href":"https:\/\/www.benarabi.org\/index.php?rest_route=\/wp\/v2\/posts"}],"about":[{"href":"https:\/\/www.benarabi.org\/index.php?rest_route=\/wp\/v2\/types\/post"}],"author":[{"embeddable":true,"href":"https:\/\/www.benarabi.org\/index.php?rest_route=\/wp\/v2\/users\/1"}],"replies":[{"embeddable":true,"href":"https:\/\/www.benarabi.org\/index.php?rest_route=%2Fwp%2Fv2%2Fcomments&post=10413"}],"version-history":[{"count":2,"href":"https:\/\/www.benarabi.org\/index.php?rest_route=\/wp\/v2\/posts\/10413\/revisions"}],"predecessor-version":[{"id":10499,"href":"https:\/\/www.benarabi.org\/index.php?rest_route=\/wp\/v2\/posts\/10413\/revisions\/10499"}],"wp:attachment":[{"href":"https:\/\/www.benarabi.org\/index.php?rest_route=%2Fwp%2Fv2%2Fmedia&parent=10413"}],"wp:term":[{"taxonomy":"category","embeddable":true,"href":"https:\/\/www.benarabi.org\/index.php?rest_route=%2Fwp%2Fv2%2Fcategories&post=10413"},{"taxonomy":"post_tag","embeddable":true,"href":"https:\/\/www.benarabi.org\/index.php?rest_route=%2Fwp%2Fv2%2Ftags&post=10413"}],"curies":[{"name":"wp","href":"https:\/\/api.w.org\/{rel}","templated":true}]}}