{"id":10618,"date":"2023-02-23T11:06:35","date_gmt":"2023-02-23T10:06:35","guid":{"rendered":"https:\/\/www.benarabi.org\/?p=10618"},"modified":"2023-03-27T15:26:07","modified_gmt":"2023-03-27T13:26:07","slug":"admision-del-alumnado-curso-23-24","status":"publish","type":"post","link":"https:\/\/www.benarabi.org\/?p=10618","title":{"rendered":"Admisi\u00f3n del alumnado Curso 23-24"},"content":{"rendered":"<p style=\"text-align: left;\"><img loading=\"lazy\" decoding=\"async\" class=\"size-full alignleft\" src=\"https:\/\/www.benarabi.org\/wp-content\/uploads\/2021\/02\/article-1.jpg\" width=\"152\" height=\"100\" \/>El lunes <strong>6 de marzo de 2023 <\/strong>comienza el Proceso de Admisi\u00f3n Escolar 2023-24. El plazo para la presentaci\u00f3n de solicitudes es <strong>del 6 al 24 de marzo<\/strong>, ambos inclusive.<\/p>\n<p style=\"text-align: justify;\">Para presentar las solicitudes en el centro, se debe pedir\u00a0<strong>CITA PREVIA<\/strong>, llamando al tel\u00e9fono del instituto (968 31 31 30), a partir del lunes 27 de febrero. (Horario para coger cita: 10:00 a 12:45 h).<\/p>\n<p style=\"text-align: justify;\">Si quieres ver la \u00a0<strong>Resoluci\u00f3n de 20 de febrero de 2023<\/strong>, de la Direcci\u00f3n General de Recursos Humanos, Planificaci\u00f3n Educativa y Evaluaci\u00f3n, por la que se dictan <strong>instrucciones<\/strong> para el proceso ordinario de escolarizaci\u00f3n de alumnado en centros p\u00fablicos y privados concertados de Educaci\u00f3n Secundaria Obligatoria y Bachillerato en el curso escolar 2023-2024,\u00a0<a href=\"https:\/\/www.borm.es\/services\/anuncio\/ano\/2023\/numero\/1051\/pdf?id=816138\" target=\"_blank\" rel=\"noopener\">pincha aqu\u00ed<\/a>.<\/p>\n<p style=\"text-align: justify;\">El\u00a0<strong>Criterio Complementario de Centro Escolar<\/strong>\u00a0(CCC) es \u00abSer hijo o hermano de antiguo alumno\u00bb.<\/p>\n<p style=\"text-align: justify;\">Si quieres acceder a la web de Educarm con toda la informaci\u00f3n\u00a0<a href=\"https:\/\/servicios.educarm.es\/admin\/webForm.php?aplicacion=ADA&amp;mode=visualizaAplicacionWeb&amp;web=34&amp;ar=1469&amp;liferay=1&amp;zona=EDUCARM#this\" target=\"_blank\" rel=\"noopener\">pincha aqu\u00ed<\/a>. No obstante, os enlazamos a los siguientes contenidos destacados:<\/p>\n<ul style=\"text-align: justify;\">\n<li><a href=\"https:\/\/planificacion.murciaeduca.es\/docs\/docs_planificacion\/cartel_eso-bach_2023.jpg\" target=\"_blank\" rel=\"noopener\">Infograf\u00eda de fechas<\/a><\/li>\n<li><a href=\"https:\/\/planificacion.murciaeduca.es\/docs\/docs_planificacion\/baremo_esobach.jpg\" target=\"_blank\" rel=\"noopener\">Infograf\u00eda de baremo<\/a><\/li>\n<li><a href=\"https:\/\/www.benarabi.org\/wp-content\/uploads\/2023\/02\/RESOLUCION-03_02_23_AREAS-DE-ESCOLARIZACION_2023-662.pdf\">Resoluci\u00f3n de zonas de escolarizaci\u00f3n.<\/a><\/li>\n<li><a href=\"https:\/\/www.benarabi.org\/wp-content\/uploads\/2023\/02\/Resolucion-03_02_23_ADSCRIPCION-CENTROS_2023-658.pdf\">Resoluci\u00f3n de adscripci\u00f3n entre centros escolares.<\/a><\/li>\n<li><a href=\"https:\/\/sede.carm.es\/documentos\/2214\/solicitud_eso_ordinaria.pdf\">Impreso de solicitud de ESO de fase ordinaria<\/a><\/li>\n<li><a href=\"https:\/\/sede.carm.es\/documentos\/2214\/solicitud_bach_ordinaria.pdf\">Impreso de solicitud de Bachillerato de fase ordinaria<\/a>.<\/li>\n<\/ul>\n<p style=\"text-align: justify;\">La presentaci\u00f3n de solicitudes\u00a0<strong>tambi\u00e9n se podr\u00e1 realizar de manera telem\u00e1tica<\/strong>\u00a0a trav\u00e9s del procedimiento habilitado en la Sede Electr\u00f3nica de la Comunidad Aut\u00f3noma de la Regi\u00f3n de Murcia, adjuntando la documentaci\u00f3n requerida en el siguiente\u00a0<a href=\"https:\/\/sede.carm.es\/web\/pagina?IDCONTENIDO=11&amp;IDTIPO=180\" target=\"_blank\" rel=\"noopener\">enlace<\/a>\u00a0(Registro y Gu\u00eda de Procedimientos y Servicios. Procedimiento 2214).<\/p>\n<p>Para que puedas conocer nuestro centro hemos preparado la\u00a0<strong><a href=\"https:\/\/view.genial.ly\/621617243758630019d892c5\/guide-copia-presentacion-ies-ben-arabi\" target=\"_blank\" rel=\"noopener\">siguiente presentaci\u00f3n<\/a><\/strong>\u00a0. Tambi\u00e9n se encuentra disponible en el men\u00fa principal de esta web, en \u00abConoce el IES Ben Arabi\u00bb.<\/p>\n<p>El <strong>mi\u00e9rcoles 1 de marzo<\/strong>, a trav\u00e9s de <strong>Meet<\/strong>, habr\u00e1 una <strong>sesi\u00f3n informativa para las familias<\/strong> de colegios adscritos, donde el Equipo Directivo y las Coordinadores de Pluriling\u00fce y Bachibac tratar\u00e1 temas relacionados con la admisi\u00f3n y el funcionamiento del centro. <strong>Enlace a la videollamada<\/strong>: <a href=\"https:\/\/meet.google.com\/ipy-uxqs-itu\" target=\"_blank\" rel=\"noopener\">https:\/\/meet.google.com\/ipy-uxqs-itu<\/a>.<\/p>\n","protected":false},"excerpt":{"rendered":"<p>El lunes 6 de marzo de 2023 comienza el Proceso de Admisi\u00f3n Escolar 2023-24. El plazo para la presentaci\u00f3n de solicitudes es del 6 al 24 de marzo, ambos inclusive. Para presentar las solicitudes en el centro, se debe pedir\u00a0CITA PREVIA, llamando al tel\u00e9fono del instituto (968 31 31 30), a partir del lunes 27 [&hellip;]<\/p>\n","protected":false},"author":1,"featured_media":0,"comment_status":"closed","ping_status":"open","sticky":false,"template":"","format":"standard","meta":{"footnotes":""},"categories":[1],"tags":[],"class_list":["post-10618","post","type-post","status-publish","format-standard","hentry","category-sin-categoria"],"_links":{"self":[{"href":"https:\/\/www.benarabi.org\/index.php?rest_route=\/wp\/v2\/posts\/10618","targetHints":{"allow":["GET"]}}],"collection":[{"href":"https:\/\/www.benarabi.org\/index.php?rest_route=\/wp\/v2\/posts"}],"about":[{"href":"https:\/\/www.benarabi.org\/index.php?rest_route=\/wp\/v2\/types\/post"}],"author":[{"embeddable":true,"href":"https:\/\/www.benarabi.org\/index.php?rest_route=\/wp\/v2\/users\/1"}],"replies":[{"embeddable":true,"href":"https:\/\/www.benarabi.org\/index.php?rest_route=%2Fwp%2Fv2%2Fcomments&post=10618"}],"version-history":[{"count":8,"href":"https:\/\/www.benarabi.org\/index.php?rest_route=\/wp\/v2\/posts\/10618\/revisions"}],"predecessor-version":[{"id":10642,"href":"https:\/\/www.benarabi.org\/index.php?rest_route=\/wp\/v2\/posts\/10618\/revisions\/10642"}],"wp:attachment":[{"href":"https:\/\/www.benarabi.org\/index.php?rest_route=%2Fwp%2Fv2%2Fmedia&parent=10618"}],"wp:term":[{"taxonomy":"category","embeddable":true,"href":"https:\/\/www.benarabi.org\/index.php?rest_route=%2Fwp%2Fv2%2Fcategories&post=10618"},{"taxonomy":"post_tag","embeddable":true,"href":"https:\/\/www.benarabi.org\/index.php?rest_route=%2Fwp%2Fv2%2Ftags&post=10618"}],"curies":[{"name":"wp","href":"https:\/\/api.w.org\/{rel}","templated":true}]}}