{"id":10646,"date":"2023-03-02T09:16:46","date_gmt":"2023-03-02T08:16:46","guid":{"rendered":"https:\/\/www.benarabi.org\/?p=10646"},"modified":"2023-03-02T09:17:37","modified_gmt":"2023-03-02T08:17:37","slug":"v-certamen-literario-viento-del-pueblo","status":"publish","type":"post","link":"https:\/\/www.benarabi.org\/?p=10646","title":{"rendered":"V CERTAMEN LITERARIO \u201cVIENTO DEL PUEBLO\u201d"},"content":{"rendered":"<p style=\"text-align: justify;\"><a href=\"https:\/\/www.benarabi.org\/wp-content\/uploads\/2023\/03\/V-Certamen-Viento-del-Pueblo-bases_page-0001-scaled.jpg\"><img loading=\"lazy\" decoding=\"async\" class=\"wp-image-10648 alignleft\" src=\"https:\/\/www.benarabi.org\/wp-content\/uploads\/2023\/03\/V-Certamen-Viento-del-Pueblo-bases_page-0001-scaled.jpg\" alt=\"\" width=\"150\" height=\"212\" srcset=\"https:\/\/www.benarabi.org\/wp-content\/uploads\/2023\/03\/V-Certamen-Viento-del-Pueblo-bases_page-0001-scaled.jpg 1810w, https:\/\/www.benarabi.org\/wp-content\/uploads\/2023\/03\/V-Certamen-Viento-del-Pueblo-bases_page-0001-768x1086.jpg 768w, https:\/\/www.benarabi.org\/wp-content\/uploads\/2023\/03\/V-Certamen-Viento-del-Pueblo-bases_page-0001-1086x1536.jpg 1086w, https:\/\/www.benarabi.org\/wp-content\/uploads\/2023\/03\/V-Certamen-Viento-del-Pueblo-bases_page-0001-1448x2048.jpg 1448w\" sizes=\"auto, (max-width: 150px) 100vw, 150px\" \/><\/a>Los IES Mediterr\u00e1neo, Ben Arab\u00ed e Isaac Peral de Cartagena, en colaboraci\u00f3n con la Fundaci\u00f3n Cultural Miguel Hern\u00e1ndez y el Aula que lleva su nombre en esta ciudad, convocan la 5\u00aa edici\u00f3n del Certamen literario \u201cViento del pueblo\u201d, para honrar la figura del poeta y mantener vivo su legado para las nuevas generaciones. El concurso se dirige a todos los alumnos que estudian ESO, Bachillerato y FP B\u00e1sica en la Regi\u00f3n de Murcia, que pueden presentar sus creaciones en dos categor\u00edas:<\/p>\n<ul style=\"text-align: justify;\">\n<li style=\"list-style-type: none;\">\n<ul>\n<li>De 1\u00ba a 3\u00ba ESO, y FP B\u00e1sica<\/li>\n<li>4\u00ba ESO y Bachillerato<\/li>\n<\/ul>\n<\/li>\n<\/ul>\n<p style=\"text-align: justify;\">Los textos pertenecer\u00e1n al g\u00e9nero de la poes\u00eda l\u00edrica, con una extensi\u00f3n entre 14 y 50 versos, y deber\u00e1n contener dos versos originales de Miguel Hern\u00e1ndez introducidos en el discurso po\u00e9tico. Se otorgar\u00e1n dos primeros premios, uno por categor\u00eda, valorados en 200 euros, y dos segundos premios de 100 euros. Puedes leer detenidamente las bases <a href=\"https:\/\/sites.google.com\/murciaeduca.es\/v-certamen-literario-viento-de\/p%C3%A1gina-principal\" target=\"_blank\" rel=\"noopener\">aqu\u00ed<\/a>. Tambi\u00e9n podr\u00e1s seguirnos en <a href=\"https:\/\/twitter.com\/premioVientoPue\/status\/1630332415666184195?s=20\" target=\"_blank\" rel=\"noopener\">Twitter<\/a><\/p>\n","protected":false},"excerpt":{"rendered":"<p>Los IES Mediterr\u00e1neo, Ben Arab\u00ed e Isaac Peral de Cartagena, en colaboraci\u00f3n con la Fundaci\u00f3n Cultural Miguel Hern\u00e1ndez y el Aula que lleva su nombre en esta ciudad, convocan la 5\u00aa edici\u00f3n del Certamen literario \u201cViento del pueblo\u201d, para honrar la figura del poeta y mantener vivo su legado para las nuevas generaciones. El concurso [&hellip;]<\/p>\n","protected":false},"author":1,"featured_media":0,"comment_status":"closed","ping_status":"open","sticky":false,"template":"","format":"standard","meta":{"footnotes":""},"categories":[1],"tags":[],"class_list":["post-10646","post","type-post","status-publish","format-standard","hentry","category-sin-categoria"],"_links":{"self":[{"href":"https:\/\/www.benarabi.org\/index.php?rest_route=\/wp\/v2\/posts\/10646","targetHints":{"allow":["GET"]}}],"collection":[{"href":"https:\/\/www.benarabi.org\/index.php?rest_route=\/wp\/v2\/posts"}],"about":[{"href":"https:\/\/www.benarabi.org\/index.php?rest_route=\/wp\/v2\/types\/post"}],"author":[{"embeddable":true,"href":"https:\/\/www.benarabi.org\/index.php?rest_route=\/wp\/v2\/users\/1"}],"replies":[{"embeddable":true,"href":"https:\/\/www.benarabi.org\/index.php?rest_route=%2Fwp%2Fv2%2Fcomments&post=10646"}],"version-history":[{"count":4,"href":"https:\/\/www.benarabi.org\/index.php?rest_route=\/wp\/v2\/posts\/10646\/revisions"}],"predecessor-version":[{"id":10652,"href":"https:\/\/www.benarabi.org\/index.php?rest_route=\/wp\/v2\/posts\/10646\/revisions\/10652"}],"wp:attachment":[{"href":"https:\/\/www.benarabi.org\/index.php?rest_route=%2Fwp%2Fv2%2Fmedia&parent=10646"}],"wp:term":[{"taxonomy":"category","embeddable":true,"href":"https:\/\/www.benarabi.org\/index.php?rest_route=%2Fwp%2Fv2%2Fcategories&post=10646"},{"taxonomy":"post_tag","embeddable":true,"href":"https:\/\/www.benarabi.org\/index.php?rest_route=%2Fwp%2Fv2%2Ftags&post=10646"}],"curies":[{"name":"wp","href":"https:\/\/api.w.org\/{rel}","templated":true}]}}