{"id":10656,"date":"2023-03-06T11:43:54","date_gmt":"2023-03-06T10:43:54","guid":{"rendered":"https:\/\/www.benarabi.org\/?p=10656"},"modified":"2023-03-06T11:43:54","modified_gmt":"2023-03-06T10:43:54","slug":"charla-salud-emocional","status":"publish","type":"post","link":"https:\/\/www.benarabi.org\/?p=10656","title":{"rendered":"CHARLA SALUD EMOCIONAL"},"content":{"rendered":"<p style=\"text-align: justify;\"><a href=\"https:\/\/www.benarabi.org\/wp-content\/uploads\/2023\/03\/IMG_20230303_090237-2-scaled.jpg\"><img loading=\"lazy\" decoding=\"async\" class=\"wp-image-10658 alignleft\" src=\"https:\/\/www.benarabi.org\/wp-content\/uploads\/2023\/03\/IMG_20230303_090237-2-scaled.jpg\" alt=\"\" width=\"150\" height=\"113\" srcset=\"https:\/\/www.benarabi.org\/wp-content\/uploads\/2023\/03\/IMG_20230303_090237-2-scaled.jpg 2560w, https:\/\/www.benarabi.org\/wp-content\/uploads\/2023\/03\/IMG_20230303_090237-2-768x576.jpg 768w, https:\/\/www.benarabi.org\/wp-content\/uploads\/2023\/03\/IMG_20230303_090237-2-1536x1152.jpg 1536w, https:\/\/www.benarabi.org\/wp-content\/uploads\/2023\/03\/IMG_20230303_090237-2-2048x1536.jpg 2048w\" sizes=\"auto, (max-width: 150px) 100vw, 150px\" \/><\/a>Dentro del proyecto de <strong>Educaci\u00f3n para la Salud<\/strong>: \u201cPROMOCI\u00d3N DE LA SALUD EMOCIONAL IES. Ben Arab\u00ed\u201d se ha organizado una charla sobre <strong>salud emocional en adolescentes<\/strong>. Esta charla ha sido impartida por la <strong>Enfermera Escolar <\/strong>del Barrio Peral los d\u00edas 27 y 28 de febrero, 2, y 3 de marzo dirigida a los alumnos de 4\u00ba ESO. Los temas tratados en la charla son los siguientes:<\/p>\n<ul style=\"text-align: justify;\">\n<li>\u00bfQu\u00e9 es la Salud Emocional? \u00bfPor qu\u00e9 es importante?<\/li>\n<li>Las emociones en la adolescencia<\/li>\n<li>Pensamiento saludable<\/li>\n<li>El estr\u00e9s y c\u00f3mo afrontarlo<\/li>\n<li>Resoluci\u00f3n de problemas<\/li>\n<li>Autoestima<\/li>\n<li>Apoyo social<\/li>\n<\/ul>\n<p style=\"text-align: justify;\">El per\u00edodo de la adolescencia representa un momento oportuno para reducir el riesgo de trastornos emocionales y la mejora el \u00e1mbito social, emocional y cognitivo. La prevenci\u00f3n y promoci\u00f3n del bienestar de los j\u00f3venes tambi\u00e9n tiene un impacto positivo, en el rendimiento acad\u00e9mico, el comportamiento, y la convivencia escolar.<\/p>\n<div id='gallery-1' class='gallery galleryid-10656 gallery-columns-3 gallery-size-thumbnail'><figure class='gallery-item'>\n\t\t\t<div class='gallery-icon landscape'>\n\t\t\t\t<a href='https:\/\/www.benarabi.org\/?attachment_id=10657'><img loading=\"lazy\" decoding=\"async\" width=\"250\" height=\"141\" src=\"https:\/\/www.benarabi.org\/wp-content\/uploads\/2023\/03\/IMG_20230303_090307-250x141.jpg\" class=\"attachment-thumbnail size-thumbnail\" alt=\"\" srcset=\"https:\/\/www.benarabi.org\/wp-content\/uploads\/2023\/03\/IMG_20230303_090307-250x141.jpg 250w, https:\/\/www.benarabi.org\/wp-content\/uploads\/2023\/03\/IMG_20230303_090307-850x478.jpg 850w, https:\/\/www.benarabi.org\/wp-content\/uploads\/2023\/03\/IMG_20230303_090307-1200x675.jpg 1200w\" sizes=\"auto, (max-width: 250px) 100vw, 250px\" \/><\/a>\n\t\t\t<\/div><\/figure><figure class='gallery-item'>\n\t\t\t<div class='gallery-icon landscape'>\n\t\t\t\t<a href='https:\/\/www.benarabi.org\/?attachment_id=10658'><img loading=\"lazy\" decoding=\"async\" width=\"250\" height=\"141\" src=\"https:\/\/www.benarabi.org\/wp-content\/uploads\/2023\/03\/IMG_20230303_090237-2-250x141.jpg\" class=\"attachment-thumbnail size-thumbnail\" alt=\"\" srcset=\"https:\/\/www.benarabi.org\/wp-content\/uploads\/2023\/03\/IMG_20230303_090237-2-250x141.jpg 250w, https:\/\/www.benarabi.org\/wp-content\/uploads\/2023\/03\/IMG_20230303_090237-2-850x478.jpg 850w, https:\/\/www.benarabi.org\/wp-content\/uploads\/2023\/03\/IMG_20230303_090237-2-1200x675.jpg 1200w\" sizes=\"auto, (max-width: 250px) 100vw, 250px\" \/><\/a>\n\t\t\t<\/div><\/figure><figure class='gallery-item'>\n\t\t\t<div class='gallery-icon landscape'>\n\t\t\t\t<a href='https:\/\/www.benarabi.org\/?attachment_id=10659'><img loading=\"lazy\" decoding=\"async\" width=\"250\" height=\"141\" src=\"https:\/\/www.benarabi.org\/wp-content\/uploads\/2023\/03\/IMG_20230303_090253-1-250x141.jpg\" class=\"attachment-thumbnail size-thumbnail\" alt=\"\" srcset=\"https:\/\/www.benarabi.org\/wp-content\/uploads\/2023\/03\/IMG_20230303_090253-1-250x141.jpg 250w, https:\/\/www.benarabi.org\/wp-content\/uploads\/2023\/03\/IMG_20230303_090253-1-850x478.jpg 850w, https:\/\/www.benarabi.org\/wp-content\/uploads\/2023\/03\/IMG_20230303_090253-1-1200x675.jpg 1200w\" sizes=\"auto, (max-width: 250px) 100vw, 250px\" \/><\/a>\n\t\t\t<\/div><\/figure>\n\t\t<\/div>\n\n<p style=\"text-align: justify;\">\n","protected":false},"excerpt":{"rendered":"<p>Dentro del proyecto de Educaci\u00f3n para la Salud: \u201cPROMOCI\u00d3N DE LA SALUD EMOCIONAL IES. Ben Arab\u00ed\u201d se ha organizado una charla sobre salud emocional en adolescentes. Esta charla ha sido impartida por la Enfermera Escolar del Barrio Peral los d\u00edas 27 y 28 de febrero, 2, y 3 de marzo dirigida a los alumnos de [&hellip;]<\/p>\n","protected":false},"author":1,"featured_media":0,"comment_status":"closed","ping_status":"open","sticky":false,"template":"","format":"standard","meta":{"footnotes":""},"categories":[1],"tags":[],"class_list":["post-10656","post","type-post","status-publish","format-standard","hentry","category-sin-categoria"],"_links":{"self":[{"href":"https:\/\/www.benarabi.org\/index.php?rest_route=\/wp\/v2\/posts\/10656","targetHints":{"allow":["GET"]}}],"collection":[{"href":"https:\/\/www.benarabi.org\/index.php?rest_route=\/wp\/v2\/posts"}],"about":[{"href":"https:\/\/www.benarabi.org\/index.php?rest_route=\/wp\/v2\/types\/post"}],"author":[{"embeddable":true,"href":"https:\/\/www.benarabi.org\/index.php?rest_route=\/wp\/v2\/users\/1"}],"replies":[{"embeddable":true,"href":"https:\/\/www.benarabi.org\/index.php?rest_route=%2Fwp%2Fv2%2Fcomments&post=10656"}],"version-history":[{"count":1,"href":"https:\/\/www.benarabi.org\/index.php?rest_route=\/wp\/v2\/posts\/10656\/revisions"}],"predecessor-version":[{"id":10660,"href":"https:\/\/www.benarabi.org\/index.php?rest_route=\/wp\/v2\/posts\/10656\/revisions\/10660"}],"wp:attachment":[{"href":"https:\/\/www.benarabi.org\/index.php?rest_route=%2Fwp%2Fv2%2Fmedia&parent=10656"}],"wp:term":[{"taxonomy":"category","embeddable":true,"href":"https:\/\/www.benarabi.org\/index.php?rest_route=%2Fwp%2Fv2%2Fcategories&post=10656"},{"taxonomy":"post_tag","embeddable":true,"href":"https:\/\/www.benarabi.org\/index.php?rest_route=%2Fwp%2Fv2%2Ftags&post=10656"}],"curies":[{"name":"wp","href":"https:\/\/api.w.org\/{rel}","templated":true}]}}