{"id":10739,"date":"2023-03-28T12:16:38","date_gmt":"2023-03-28T10:16:38","guid":{"rendered":"https:\/\/www.benarabi.org\/?p=10739"},"modified":"2023-03-28T12:17:27","modified_gmt":"2023-03-28T10:17:27","slug":"becas-estudios-postobligatorios-curso-academico-2023-2024","status":"publish","type":"post","link":"https:\/\/www.benarabi.org\/?p=10739","title":{"rendered":"Becas estudios postobligatorios curso acad\u00e9mico 2023-2024"},"content":{"rendered":"<p style=\"text-align: justify;\"><a href=\"https:\/\/www.benarabi.org\/wp-content\/uploads\/2023\/03\/cartel_14mar23-scaled.jpg\"><img loading=\"lazy\" decoding=\"async\" class=\"wp-image-10740 alignleft\" src=\"https:\/\/www.benarabi.org\/wp-content\/uploads\/2023\/03\/cartel_14mar23-scaled.jpg\" alt=\"\" width=\"150\" height=\"212\" srcset=\"https:\/\/www.benarabi.org\/wp-content\/uploads\/2023\/03\/cartel_14mar23-scaled.jpg 1810w, https:\/\/www.benarabi.org\/wp-content\/uploads\/2023\/03\/cartel_14mar23-768x1086.jpg 768w, https:\/\/www.benarabi.org\/wp-content\/uploads\/2023\/03\/cartel_14mar23-1086x1536.jpg 1086w, https:\/\/www.benarabi.org\/wp-content\/uploads\/2023\/03\/cartel_14mar23-1448x2048.jpg 1448w\" sizes=\"auto, (max-width: 150px) 100vw, 150px\" \/><\/a>Se han convocado becas para estudiantes que en el\u00a0<strong>curso acad\u00e9mico<\/strong>\u00a0<strong>2023-2024<\/strong>, cursen\u00a0<strong>ense\u00f1anzas postobligatorias<\/strong>\u00a0con validez en todo el territorio nacional.<\/p>\n<p style=\"text-align: justify;\">El\u00a0<strong>plazo para presentar la solicitud<\/strong> de beca tanto para estudios universitarios como no universitarios se extender\u00e1 desde el d\u00eda 27 de marzo hasta el 17 de mayo de 2023, ambos inclusive.<\/p>\n<p style=\"text-align: justify;\">Se puede solicitar beca si el alumno cree que estar\u00e1 matriculado en el curso<br \/>\n2023-24 en alguno de los siguientes niveles:<\/p>\n<p>&nbsp;<\/p>\n<ul>\n<li style=\"list-style-type: none;\">\n<ul style=\"text-align: justify;\">\n<li>Bachillerato.<\/li>\n<li>Cursos de acceso y de preparaci\u00f3n para pruebas de acceso a la<br \/>\nFormaci\u00f3n Profesional y cursos de formaci\u00f3n espec\u00edficos para acceso a<br \/>\nciclos formativos de grado medio y superior, impartidos en centros<br \/>\np\u00fablicos y privados concertados.<\/li>\n<li>Formaci\u00f3n Profesional de grado medio y de grado superior.<\/li>\n<li>Ense\u00f1anzas art\u00edsticas: profesionales y superiores.<\/li>\n<li>Ense\u00f1anzas de idiomas en Escuelas Oficiales, incluida la modalidad a<br \/>\ndistancia.<\/li>\n<li>Ense\u00f1anzas deportivas.<\/li>\n<li>Estudios religiosos superiores.<\/li>\n<li>Ciclos Formativos de Grado B\u00e1sico.<\/li>\n<\/ul>\n<\/li>\n<\/ul>\n<p style=\"text-align: justify;\">El Ministerio resolver\u00e1 la beca en dos fases, la primera ser\u00e1 la econ\u00f3mica y aquellos expedientes que cumplan con los requisitos de renta y patrimonio, se les dar\u00e1 la posibilidad de modificar los datos acad\u00e9micos, en el mes de<br \/>\nseptiembre.<br \/>\nEl alumno puede acceder a la informaci\u00f3n y cumplimentar la solicitud en https:\/\/sede.educacion.gob.es o en https:\/\/www.educacionyfp.gob.es<br \/>\nSe adjunta facilitado por el MEFP.<\/p>\n","protected":false},"excerpt":{"rendered":"<p>Se han convocado becas para estudiantes que en el\u00a0curso acad\u00e9mico\u00a02023-2024, cursen\u00a0ense\u00f1anzas postobligatorias\u00a0con validez en todo el territorio nacional. El\u00a0plazo para presentar la solicitud de beca tanto para estudios universitarios como no universitarios se extender\u00e1 desde el d\u00eda 27 de marzo hasta el 17 de mayo de 2023, ambos inclusive. Se puede solicitar beca si el [&hellip;]<\/p>\n","protected":false},"author":1,"featured_media":0,"comment_status":"closed","ping_status":"open","sticky":false,"template":"","format":"standard","meta":{"footnotes":""},"categories":[1],"tags":[],"class_list":["post-10739","post","type-post","status-publish","format-standard","hentry","category-sin-categoria"],"_links":{"self":[{"href":"https:\/\/www.benarabi.org\/index.php?rest_route=\/wp\/v2\/posts\/10739","targetHints":{"allow":["GET"]}}],"collection":[{"href":"https:\/\/www.benarabi.org\/index.php?rest_route=\/wp\/v2\/posts"}],"about":[{"href":"https:\/\/www.benarabi.org\/index.php?rest_route=\/wp\/v2\/types\/post"}],"author":[{"embeddable":true,"href":"https:\/\/www.benarabi.org\/index.php?rest_route=\/wp\/v2\/users\/1"}],"replies":[{"embeddable":true,"href":"https:\/\/www.benarabi.org\/index.php?rest_route=%2Fwp%2Fv2%2Fcomments&post=10739"}],"version-history":[{"count":4,"href":"https:\/\/www.benarabi.org\/index.php?rest_route=\/wp\/v2\/posts\/10739\/revisions"}],"predecessor-version":[{"id":10744,"href":"https:\/\/www.benarabi.org\/index.php?rest_route=\/wp\/v2\/posts\/10739\/revisions\/10744"}],"wp:attachment":[{"href":"https:\/\/www.benarabi.org\/index.php?rest_route=%2Fwp%2Fv2%2Fmedia&parent=10739"}],"wp:term":[{"taxonomy":"category","embeddable":true,"href":"https:\/\/www.benarabi.org\/index.php?rest_route=%2Fwp%2Fv2%2Fcategories&post=10739"},{"taxonomy":"post_tag","embeddable":true,"href":"https:\/\/www.benarabi.org\/index.php?rest_route=%2Fwp%2Fv2%2Ftags&post=10739"}],"curies":[{"name":"wp","href":"https:\/\/api.w.org\/{rel}","templated":true}]}}