{"id":10758,"date":"2023-04-11T09:41:17","date_gmt":"2023-04-11T07:41:17","guid":{"rendered":"https:\/\/www.benarabi.org\/?p=10758"},"modified":"2023-04-25T10:26:54","modified_gmt":"2023-04-25T08:26:54","slug":"10758","status":"publish","type":"post","link":"https:\/\/www.benarabi.org\/?p=10758","title":{"rendered":"Ayudas individualizadas de transporte escolar curso 2021-2022"},"content":{"rendered":"<p style=\"text-align: justify;\"><img loading=\"lazy\" decoding=\"async\" class=\"size-full alignleft\" src=\"https:\/\/www.benarabi.org\/wp-content\/uploads\/2020\/06\/ayudas-individualizadas-de-transporte-escolar-para-el-curso-2017-2018-e1592845465566.jpg\" width=\"150\" height=\"148\" \/>Se ha publicado la convocatoria de ayudas individualizadas de <span class=\"il\">transporte<\/span> escolar seg\u00fan extracto de Orden de la Consejer\u00eda de Educaci\u00f3n, Formaci\u00f3n Profesional y Empleo por la que se convocan ayudas individualizadas de <span class=\"il\">transporte<\/span> escolar para el curso 2021-2022.<\/p>\n<p style=\"text-align: justify;\">El plazo presentaci\u00f3n solicitudes: Del 3 de abril al 26 de abril de 2023.<\/p>\n<p style=\"text-align: justify;\"><a href=\"http:\/\/servicios.educarm.es\/templates\/portal\/ficheros\/websDinamicas\/45\/Convocatoria%202021-2022%20BORM%2031-03-23.pdf\" target=\"_blank\" rel=\"noopener\" data-saferedirecturl=\"https:\/\/www.google.com\/url?q=http:\/\/servicios.educarm.es\/templates\/portal\/ficheros\/websDinamicas\/45\/Convocatoria%25202021-2022%2520BORM%252031-03-23.pdf&amp;source=gmail&amp;ust=1681284754881000&amp;usg=AOvVaw3OHKQtQ_dOIt2LJvE-NZBE\">Haga click aqu\u00ed para ver el documento.<\/a><\/p>\n","protected":false},"excerpt":{"rendered":"<p>Se ha publicado la convocatoria de ayudas individualizadas de transporte escolar seg\u00fan extracto de Orden de la Consejer\u00eda de Educaci\u00f3n, Formaci\u00f3n Profesional y Empleo por la que se convocan ayudas individualizadas de transporte escolar para el curso 2021-2022. El plazo presentaci\u00f3n solicitudes: Del 3 de abril al 26 de abril de 2023. Haga click aqu\u00ed [&hellip;]<\/p>\n","protected":false},"author":1,"featured_media":0,"comment_status":"closed","ping_status":"open","sticky":false,"template":"","format":"standard","meta":{"footnotes":""},"categories":[1],"tags":[],"class_list":["post-10758","post","type-post","status-publish","format-standard","hentry","category-sin-categoria"],"_links":{"self":[{"href":"https:\/\/www.benarabi.org\/index.php?rest_route=\/wp\/v2\/posts\/10758","targetHints":{"allow":["GET"]}}],"collection":[{"href":"https:\/\/www.benarabi.org\/index.php?rest_route=\/wp\/v2\/posts"}],"about":[{"href":"https:\/\/www.benarabi.org\/index.php?rest_route=\/wp\/v2\/types\/post"}],"author":[{"embeddable":true,"href":"https:\/\/www.benarabi.org\/index.php?rest_route=\/wp\/v2\/users\/1"}],"replies":[{"embeddable":true,"href":"https:\/\/www.benarabi.org\/index.php?rest_route=%2Fwp%2Fv2%2Fcomments&post=10758"}],"version-history":[{"count":5,"href":"https:\/\/www.benarabi.org\/index.php?rest_route=\/wp\/v2\/posts\/10758\/revisions"}],"predecessor-version":[{"id":10764,"href":"https:\/\/www.benarabi.org\/index.php?rest_route=\/wp\/v2\/posts\/10758\/revisions\/10764"}],"wp:attachment":[{"href":"https:\/\/www.benarabi.org\/index.php?rest_route=%2Fwp%2Fv2%2Fmedia&parent=10758"}],"wp:term":[{"taxonomy":"category","embeddable":true,"href":"https:\/\/www.benarabi.org\/index.php?rest_route=%2Fwp%2Fv2%2Fcategories&post=10758"},{"taxonomy":"post_tag","embeddable":true,"href":"https:\/\/www.benarabi.org\/index.php?rest_route=%2Fwp%2Fv2%2Ftags&post=10758"}],"curies":[{"name":"wp","href":"https:\/\/api.w.org\/{rel}","templated":true}]}}