{"id":10791,"date":"2023-05-03T11:12:42","date_gmt":"2023-05-03T09:12:42","guid":{"rendered":"https:\/\/www.benarabi.org\/?p=10791"},"modified":"2023-05-03T11:35:52","modified_gmt":"2023-05-03T09:35:52","slug":"olimpiada-ciencias-de-la-empresa","status":"publish","type":"post","link":"https:\/\/www.benarabi.org\/?p=10791","title":{"rendered":"Olimpiada Ciencias de la Empresa"},"content":{"rendered":"<div class=\"aju\"><\/div>\n<div class=\"gs\">\n<div id=\":25h\">\n<div class=\"btm\" style=\"text-align: justify;\"><a href=\"https:\/\/www.benarabi.org\/wp-content\/uploads\/2023\/05\/unnamed-24.jpg\"><img loading=\"lazy\" decoding=\"async\" class=\"wp-image-10792 alignleft\" src=\"https:\/\/www.benarabi.org\/wp-content\/uploads\/2023\/05\/unnamed-24.jpg\" alt=\"\" width=\"150\" height=\"113\" srcset=\"https:\/\/www.benarabi.org\/wp-content\/uploads\/2023\/05\/unnamed-24.jpg 1024w, https:\/\/www.benarabi.org\/wp-content\/uploads\/2023\/05\/unnamed-24-768x576.jpg 768w\" sizes=\"auto, (max-width: 150px) 100vw, 150px\" \/><\/a>El viernes 21 de abril se celebr\u00f3 la XIX Olimpiada de Ciencias de la Empresa, organizada por la Universidad Polit\u00e9cnica de Cartagena, en la que participaron 78 alumnos procedentes de 13 centros de la regi\u00f3n. Por parte del Ben Arab\u00ed participaron siete alumnos del Bachillerato de Ciencias Sociales , clasific\u00e1ndose tres de ellos entre los quince primeros puestos:<\/div>\n<\/div>\n<div class=\"\">\n<div id=\":25f\" class=\"ii gt\">\n<div id=\":25g\" class=\"a3s aiL \">\n<div dir=\"ltr\">\n<div style=\"text-align: justify;\"><\/div>\n<div style=\"text-align: justify;\">\u00a0 \u00a0 \u00a0<b>* <\/b>Mar\u00eda Garc\u00eda Hern\u00e1ndez: segunda clasificada.<\/div>\n<div style=\"text-align: justify;\">\u00a0 \u00a0 \u00a0* Laura Conesa Mart\u00ednez: decimocuarta clasificada.<\/div>\n<div>\n<p>\u00a0 \u00a0 \u00a0* Mar\u00eda del Carmen Mercader Casanova: decimoquinta clasificada.<\/p>\n<div>\n<div>\n<div style=\"text-align: justify;\">Los premios destinados a los tres primeros clasificados, entre los que se encuentra Mar\u00eda, se entregar\u00e1n durante la ceremonia de graduaci\u00f3n de los alumnos de Administraci\u00f3n y Direcci\u00f3n de Empresas, el 12 de mayo de 2023 en el Sal\u00f3n de Actos \u201cIsaac Peral\u201d de la Facultad de Ciencias de la Empresa de la Universidad Polit\u00e9cnica de Cartagena.<\/div>\n<div>\n<div id='gallery-1' class='gallery galleryid-10791 gallery-columns-2 gallery-size-thumbnail'><figure class='gallery-item'>\n\t\t\t<div class='gallery-icon landscape'>\n\t\t\t\t<a href='https:\/\/www.benarabi.org\/?attachment_id=10793'><img loading=\"lazy\" decoding=\"async\" width=\"250\" height=\"141\" src=\"https:\/\/www.benarabi.org\/wp-content\/uploads\/2023\/05\/unnamed-23-250x141.jpg\" class=\"attachment-thumbnail size-thumbnail\" alt=\"\" srcset=\"https:\/\/www.benarabi.org\/wp-content\/uploads\/2023\/05\/unnamed-23-250x141.jpg 250w, https:\/\/www.benarabi.org\/wp-content\/uploads\/2023\/05\/unnamed-23-850x478.jpg 850w, https:\/\/www.benarabi.org\/wp-content\/uploads\/2023\/05\/unnamed-23-1200x675.jpg 1200w\" sizes=\"auto, (max-width: 250px) 100vw, 250px\" \/><\/a>\n\t\t\t<\/div><\/figure><figure class='gallery-item'>\n\t\t\t<div class='gallery-icon landscape'>\n\t\t\t\t<a href='https:\/\/www.benarabi.org\/?attachment_id=10792'><img loading=\"lazy\" decoding=\"async\" width=\"250\" height=\"141\" src=\"https:\/\/www.benarabi.org\/wp-content\/uploads\/2023\/05\/unnamed-24-250x141.jpg\" class=\"attachment-thumbnail size-thumbnail\" alt=\"\" srcset=\"https:\/\/www.benarabi.org\/wp-content\/uploads\/2023\/05\/unnamed-24-250x141.jpg 250w, https:\/\/www.benarabi.org\/wp-content\/uploads\/2023\/05\/unnamed-24-850x478.jpg 850w\" sizes=\"auto, (max-width: 250px) 100vw, 250px\" \/><\/a>\n\t\t\t<\/div><\/figure>\n\t\t<\/div>\n\n<\/div>\n<\/div>\n<\/div>\n<\/div>\n<\/div>\n<\/div>\n<\/div>\n<\/div>\n<\/div>\n","protected":false},"excerpt":{"rendered":"<p>El viernes 21 de abril se celebr\u00f3 la XIX Olimpiada de Ciencias de la Empresa, organizada por la Universidad Polit\u00e9cnica de Cartagena, en la que participaron 78 alumnos procedentes de 13 centros de la regi\u00f3n. Por parte del Ben Arab\u00ed participaron siete alumnos del Bachillerato de Ciencias Sociales , clasific\u00e1ndose tres de ellos entre los [&hellip;]<\/p>\n","protected":false},"author":1,"featured_media":0,"comment_status":"closed","ping_status":"open","sticky":false,"template":"","format":"standard","meta":{"footnotes":""},"categories":[1],"tags":[],"class_list":["post-10791","post","type-post","status-publish","format-standard","hentry","category-sin-categoria"],"_links":{"self":[{"href":"https:\/\/www.benarabi.org\/index.php?rest_route=\/wp\/v2\/posts\/10791","targetHints":{"allow":["GET"]}}],"collection":[{"href":"https:\/\/www.benarabi.org\/index.php?rest_route=\/wp\/v2\/posts"}],"about":[{"href":"https:\/\/www.benarabi.org\/index.php?rest_route=\/wp\/v2\/types\/post"}],"author":[{"embeddable":true,"href":"https:\/\/www.benarabi.org\/index.php?rest_route=\/wp\/v2\/users\/1"}],"replies":[{"embeddable":true,"href":"https:\/\/www.benarabi.org\/index.php?rest_route=%2Fwp%2Fv2%2Fcomments&post=10791"}],"version-history":[{"count":2,"href":"https:\/\/www.benarabi.org\/index.php?rest_route=\/wp\/v2\/posts\/10791\/revisions"}],"predecessor-version":[{"id":10795,"href":"https:\/\/www.benarabi.org\/index.php?rest_route=\/wp\/v2\/posts\/10791\/revisions\/10795"}],"wp:attachment":[{"href":"https:\/\/www.benarabi.org\/index.php?rest_route=%2Fwp%2Fv2%2Fmedia&parent=10791"}],"wp:term":[{"taxonomy":"category","embeddable":true,"href":"https:\/\/www.benarabi.org\/index.php?rest_route=%2Fwp%2Fv2%2Fcategories&post=10791"},{"taxonomy":"post_tag","embeddable":true,"href":"https:\/\/www.benarabi.org\/index.php?rest_route=%2Fwp%2Fv2%2Ftags&post=10791"}],"curies":[{"name":"wp","href":"https:\/\/api.w.org\/{rel}","templated":true}]}}