{"id":10837,"date":"2023-05-11T12:14:30","date_gmt":"2023-05-11T10:14:30","guid":{"rendered":"https:\/\/www.benarabi.org\/?p=10837"},"modified":"2023-05-17T11:07:56","modified_gmt":"2023-05-17T09:07:56","slug":"recepcion-en-el-ayto-de-cartagena-del-grupo-de-alumnos-franceses-del-intercambio-con-poncharat","status":"publish","type":"post","link":"https:\/\/www.benarabi.org\/?p=10837","title":{"rendered":"Recepci\u00f3n en el Ayto de Cartagena del grupo de alumnos franceses del Intercambio con Poncharat."},"content":{"rendered":"<div style=\"text-align: justify;\"><a href=\"https:\/\/www.benarabi.org\/wp-content\/uploads\/2023\/05\/50d703ea-09a8-4503-a889-6a54709f2f1d.jpg\"><img loading=\"lazy\" decoding=\"async\" class=\"wp-image-10838 alignleft\" src=\"https:\/\/www.benarabi.org\/wp-content\/uploads\/2023\/05\/50d703ea-09a8-4503-a889-6a54709f2f1d.jpg\" alt=\"\" width=\"150\" height=\"113\" srcset=\"https:\/\/www.benarabi.org\/wp-content\/uploads\/2023\/05\/50d703ea-09a8-4503-a889-6a54709f2f1d.jpg 1600w, https:\/\/www.benarabi.org\/wp-content\/uploads\/2023\/05\/50d703ea-09a8-4503-a889-6a54709f2f1d-768x576.jpg 768w, https:\/\/www.benarabi.org\/wp-content\/uploads\/2023\/05\/50d703ea-09a8-4503-a889-6a54709f2f1d-1536x1152.jpg 1536w\" sizes=\"auto, (max-width: 150px) 100vw, 150px\" \/><\/a>El pasado mi\u00e9rcoles 5 de mayo, el grupo de alumnos del instituto franc\u00e9s \u00abPierre du Terrail\u00bb de Poncharra (Francia), con el que alumnos de 4\u00ba de la ESO y 1\u00ba de Bachillerato de nuestra Secci\u00f3n Biling\u00fce han realizado un intercambio ling\u00fc\u00edstico, fue recibido por la Concejala de Educaci\u00f3n, D\u00aa Irene Ruiz Roca en el Ayuntamiento de Cartagena.<\/div>\n<div style=\"text-align: justify;\">Acompa\u00f1ados por sus profesores franceses y por profesores de la SB de nuestro Centro y nuestro director D. Manuel D\u00edaz Segura, los alumnos de Pontcharra disfrutaron\u00a0 de una fabulosa visita guiada en el Ayto de Cartagena.<\/div>\n<div>Adem\u00e1s, pudieron conocer a la alcaldesa de Cartagena, D\u00aa Noelia Arroyo Hern\u00e1ndez, quien se hizo una foto con el grupo.<\/div>\n<div><\/div>\n<div><\/div>\n<div>\n<div id='gallery-1' class='gallery galleryid-10837 gallery-columns-6 gallery-size-thumbnail'><figure class='gallery-item'>\n\t\t\t<div class='gallery-icon landscape'>\n\t\t\t\t<a href='https:\/\/www.benarabi.org\/?attachment_id=10839'><img loading=\"lazy\" decoding=\"async\" width=\"250\" height=\"141\" src=\"https:\/\/www.benarabi.org\/wp-content\/uploads\/2023\/05\/ff7b6a70-9534-4370-8cbf-2a23e889ff6d-250x141.jpg\" class=\"attachment-thumbnail size-thumbnail\" alt=\"\" srcset=\"https:\/\/www.benarabi.org\/wp-content\/uploads\/2023\/05\/ff7b6a70-9534-4370-8cbf-2a23e889ff6d-250x141.jpg 250w, https:\/\/www.benarabi.org\/wp-content\/uploads\/2023\/05\/ff7b6a70-9534-4370-8cbf-2a23e889ff6d-850x478.jpg 850w, https:\/\/www.benarabi.org\/wp-content\/uploads\/2023\/05\/ff7b6a70-9534-4370-8cbf-2a23e889ff6d-1200x675.jpg 1200w\" sizes=\"auto, (max-width: 250px) 100vw, 250px\" \/><\/a>\n\t\t\t<\/div><\/figure><figure class='gallery-item'>\n\t\t\t<div class='gallery-icon landscape'>\n\t\t\t\t<a href='https:\/\/www.benarabi.org\/?attachment_id=10838'><img loading=\"lazy\" decoding=\"async\" width=\"250\" height=\"141\" src=\"https:\/\/www.benarabi.org\/wp-content\/uploads\/2023\/05\/50d703ea-09a8-4503-a889-6a54709f2f1d-250x141.jpg\" class=\"attachment-thumbnail size-thumbnail\" alt=\"\" srcset=\"https:\/\/www.benarabi.org\/wp-content\/uploads\/2023\/05\/50d703ea-09a8-4503-a889-6a54709f2f1d-250x141.jpg 250w, https:\/\/www.benarabi.org\/wp-content\/uploads\/2023\/05\/50d703ea-09a8-4503-a889-6a54709f2f1d-850x478.jpg 850w, https:\/\/www.benarabi.org\/wp-content\/uploads\/2023\/05\/50d703ea-09a8-4503-a889-6a54709f2f1d-1200x675.jpg 1200w\" sizes=\"auto, (max-width: 250px) 100vw, 250px\" \/><\/a>\n\t\t\t<\/div><\/figure>\n\t\t<\/div>\n\n<\/div>\n","protected":false},"excerpt":{"rendered":"<p>El pasado mi\u00e9rcoles 5 de mayo, el grupo de alumnos del instituto franc\u00e9s \u00abPierre du Terrail\u00bb de Poncharra (Francia), con el que alumnos de 4\u00ba de la ESO y 1\u00ba de Bachillerato de nuestra Secci\u00f3n Biling\u00fce han realizado un intercambio ling\u00fc\u00edstico, fue recibido por la Concejala de Educaci\u00f3n, D\u00aa Irene Ruiz Roca en el Ayuntamiento [&hellip;]<\/p>\n","protected":false},"author":1,"featured_media":0,"comment_status":"closed","ping_status":"open","sticky":false,"template":"","format":"standard","meta":{"footnotes":""},"categories":[1],"tags":[],"class_list":["post-10837","post","type-post","status-publish","format-standard","hentry","category-sin-categoria"],"_links":{"self":[{"href":"https:\/\/www.benarabi.org\/index.php?rest_route=\/wp\/v2\/posts\/10837","targetHints":{"allow":["GET"]}}],"collection":[{"href":"https:\/\/www.benarabi.org\/index.php?rest_route=\/wp\/v2\/posts"}],"about":[{"href":"https:\/\/www.benarabi.org\/index.php?rest_route=\/wp\/v2\/types\/post"}],"author":[{"embeddable":true,"href":"https:\/\/www.benarabi.org\/index.php?rest_route=\/wp\/v2\/users\/1"}],"replies":[{"embeddable":true,"href":"https:\/\/www.benarabi.org\/index.php?rest_route=%2Fwp%2Fv2%2Fcomments&post=10837"}],"version-history":[{"count":5,"href":"https:\/\/www.benarabi.org\/index.php?rest_route=\/wp\/v2\/posts\/10837\/revisions"}],"predecessor-version":[{"id":10870,"href":"https:\/\/www.benarabi.org\/index.php?rest_route=\/wp\/v2\/posts\/10837\/revisions\/10870"}],"wp:attachment":[{"href":"https:\/\/www.benarabi.org\/index.php?rest_route=%2Fwp%2Fv2%2Fmedia&parent=10837"}],"wp:term":[{"taxonomy":"category","embeddable":true,"href":"https:\/\/www.benarabi.org\/index.php?rest_route=%2Fwp%2Fv2%2Fcategories&post=10837"},{"taxonomy":"post_tag","embeddable":true,"href":"https:\/\/www.benarabi.org\/index.php?rest_route=%2Fwp%2Fv2%2Ftags&post=10837"}],"curies":[{"name":"wp","href":"https:\/\/api.w.org\/{rel}","templated":true}]}}