{"id":10848,"date":"2023-05-16T13:44:51","date_gmt":"2023-05-16T11:44:51","guid":{"rendered":"https:\/\/www.benarabi.org\/?p=10848"},"modified":"2023-05-16T13:44:51","modified_gmt":"2023-05-16T11:44:51","slug":"noticia-taller-salud-digital-3o-eso","status":"publish","type":"post","link":"https:\/\/www.benarabi.org\/?p=10848","title":{"rendered":"Noticia Taller salud digital 3\u00ba ESO"},"content":{"rendered":"<p style=\"text-align: justify;\"><a href=\"https:\/\/www.benarabi.org\/wp-content\/uploads\/2023\/05\/salud-digital-foto.png\"><img loading=\"lazy\" decoding=\"async\" class=\"wp-image-10849 alignleft\" src=\"https:\/\/www.benarabi.org\/wp-content\/uploads\/2023\/05\/salud-digital-foto.png\" alt=\"\" width=\"150\" height=\"89\" srcset=\"https:\/\/www.benarabi.org\/wp-content\/uploads\/2023\/05\/salud-digital-foto.png 1459w, https:\/\/www.benarabi.org\/wp-content\/uploads\/2023\/05\/salud-digital-foto-768x457.png 768w\" sizes=\"auto, (max-width: 150px) 100vw, 150px\" \/><\/a>Dentro del <strong>Programa de Educaci\u00f3n para la Salud<\/strong> se ha organizado un taller sobre \u201csalud digital\u201d impartida por la <strong>Enfermera Escolar<\/strong> del Barrio Peral los d\u00edas 9, 10 y 11 de mayo dirigida a los alumnos de 3\u00ba ESO. La charla se ha dedicado a crear conciencia sobre las repercusiones, f\u00edsicas y mentales, que tiene el uso abusivo de las pantallas.<\/p>\n<p style=\"text-align: justify;\">Adoptar actitudes preventivas resulta muy importante. Entre las se\u00f1ales de alerta que pueden indicarnos una adicci\u00f3n destacan las siguientes:<\/p>\n<ul style=\"text-align: justify;\">\n<li>P\u00e9rdida de tiempo de estudio, con o sin malos resultados acad\u00e9micos.<\/li>\n<li>Deterioro o menor dedicaci\u00f3n a las relaciones interpersonales y a otras actividades de ocio.<\/li>\n<li>Incremento de las conductas que implican agresividad.<\/li>\n<li>Sufrir ansiedad, irritabilidad, incluso malestar f\u00edsico en caso de no poder utilizar el objeto de la adicci\u00f3n.<\/li>\n<\/ul>\n<p style=\"text-align: justify;\">En el taller, se han dado recomendaciones y herramientas para hacer un uso adecuado de las pantallas, as\u00ed como consejos sobre c\u00f3mo detectar que tenemos un problema y poder as\u00ed \u00abdesengancharnos\u00bb de las redes y c\u00f3mo poder ayudar a alg\u00fan compa\u00f1er@ que sufra dicha adicci\u00f3n.<\/p>\n","protected":false},"excerpt":{"rendered":"<p>Dentro del Programa de Educaci\u00f3n para la Salud se ha organizado un taller sobre \u201csalud digital\u201d impartida por la Enfermera Escolar del Barrio Peral los d\u00edas 9, 10 y 11 de mayo dirigida a los alumnos de 3\u00ba ESO. La charla se ha dedicado a crear conciencia sobre las repercusiones, f\u00edsicas y mentales, que tiene [&hellip;]<\/p>\n","protected":false},"author":1,"featured_media":0,"comment_status":"closed","ping_status":"open","sticky":false,"template":"","format":"standard","meta":{"footnotes":""},"categories":[1],"tags":[],"class_list":["post-10848","post","type-post","status-publish","format-standard","hentry","category-sin-categoria"],"_links":{"self":[{"href":"https:\/\/www.benarabi.org\/index.php?rest_route=\/wp\/v2\/posts\/10848","targetHints":{"allow":["GET"]}}],"collection":[{"href":"https:\/\/www.benarabi.org\/index.php?rest_route=\/wp\/v2\/posts"}],"about":[{"href":"https:\/\/www.benarabi.org\/index.php?rest_route=\/wp\/v2\/types\/post"}],"author":[{"embeddable":true,"href":"https:\/\/www.benarabi.org\/index.php?rest_route=\/wp\/v2\/users\/1"}],"replies":[{"embeddable":true,"href":"https:\/\/www.benarabi.org\/index.php?rest_route=%2Fwp%2Fv2%2Fcomments&post=10848"}],"version-history":[{"count":1,"href":"https:\/\/www.benarabi.org\/index.php?rest_route=\/wp\/v2\/posts\/10848\/revisions"}],"predecessor-version":[{"id":10850,"href":"https:\/\/www.benarabi.org\/index.php?rest_route=\/wp\/v2\/posts\/10848\/revisions\/10850"}],"wp:attachment":[{"href":"https:\/\/www.benarabi.org\/index.php?rest_route=%2Fwp%2Fv2%2Fmedia&parent=10848"}],"wp:term":[{"taxonomy":"category","embeddable":true,"href":"https:\/\/www.benarabi.org\/index.php?rest_route=%2Fwp%2Fv2%2Fcategories&post=10848"},{"taxonomy":"post_tag","embeddable":true,"href":"https:\/\/www.benarabi.org\/index.php?rest_route=%2Fwp%2Fv2%2Ftags&post=10848"}],"curies":[{"name":"wp","href":"https:\/\/api.w.org\/{rel}","templated":true}]}}