{"id":10851,"date":"2023-05-16T13:47:28","date_gmt":"2023-05-16T11:47:28","guid":{"rendered":"https:\/\/www.benarabi.org\/?p=10851"},"modified":"2023-05-16T13:47:34","modified_gmt":"2023-05-16T11:47:34","slug":"charla-sobre-el-alcohol","status":"publish","type":"post","link":"https:\/\/www.benarabi.org\/?p=10851","title":{"rendered":"CHARLA SOBRE EL ALCOHOL"},"content":{"rendered":"<p style=\"text-align: justify;\"><a href=\"https:\/\/www.benarabi.org\/wp-content\/uploads\/2023\/05\/IMG-20230420-WA0002.jpg\"><img loading=\"lazy\" decoding=\"async\" class=\"wp-image-10852 alignleft\" src=\"https:\/\/www.benarabi.org\/wp-content\/uploads\/2023\/05\/IMG-20230420-WA0002.jpg\" alt=\"\" width=\"150\" height=\"113\" srcset=\"https:\/\/www.benarabi.org\/wp-content\/uploads\/2023\/05\/IMG-20230420-WA0002.jpg 1599w, https:\/\/www.benarabi.org\/wp-content\/uploads\/2023\/05\/IMG-20230420-WA0002-768x576.jpg 768w, https:\/\/www.benarabi.org\/wp-content\/uploads\/2023\/05\/IMG-20230420-WA0002-1536x1153.jpg 1536w\" sizes=\"auto, (max-width: 150px) 100vw, 150px\" \/><\/a>Dentro del <strong>Programa de<\/strong> <strong>Educaci\u00f3n para la Salud<\/strong> se ha organizado una charla sobre el alcohol impartida por la <strong>Enfermera Escolar<\/strong> del Barrio Peral los d\u00edas 13, 14 y 19 de abril dirigida a los alumnos de <strong>2\u00ba ESO<\/strong>. La charla se encuentra dentro del programa <strong>ARGOS\/ALTACAN<\/strong>, un modelo de estrategia para intervenir en la prevenci\u00f3n, detecci\u00f3n precoz y atenci\u00f3n de adicciones en la Regi\u00f3n de Murcia que conjuga la acci\u00f3n en los \u00e1mbitos sanitario, educativo y familiar. En el taller se ha realizado un rol &#8211; play en el que los alumnos se ponen en la piel de otros colectivos, para poder identificar el \u00abporqu\u00e9, el conflicto y las consecuencias\u00bb del inicio en el consumo del alcohol a edades tan tempranas. De esta forma, relativizan y ven desde otra perspectiva la problem\u00e1tica del consumo de sustancias t\u00f3xicas. El taller tambi\u00e9n se impartir\u00e1 para los alumnos de <strong>1\u00ba ESO<\/strong> los d\u00edas 27 de abril, 3, 5 y 8 de mayo.<\/p>\n","protected":false},"excerpt":{"rendered":"<p>Dentro del Programa de Educaci\u00f3n para la Salud se ha organizado una charla sobre el alcohol impartida por la Enfermera Escolar del Barrio Peral los d\u00edas 13, 14 y 19 de abril dirigida a los alumnos de 2\u00ba ESO. La charla se encuentra dentro del programa ARGOS\/ALTACAN, un modelo de estrategia para intervenir en la [&hellip;]<\/p>\n","protected":false},"author":1,"featured_media":0,"comment_status":"closed","ping_status":"open","sticky":false,"template":"","format":"standard","meta":{"footnotes":""},"categories":[1],"tags":[],"class_list":["post-10851","post","type-post","status-publish","format-standard","hentry","category-sin-categoria"],"_links":{"self":[{"href":"https:\/\/www.benarabi.org\/index.php?rest_route=\/wp\/v2\/posts\/10851","targetHints":{"allow":["GET"]}}],"collection":[{"href":"https:\/\/www.benarabi.org\/index.php?rest_route=\/wp\/v2\/posts"}],"about":[{"href":"https:\/\/www.benarabi.org\/index.php?rest_route=\/wp\/v2\/types\/post"}],"author":[{"embeddable":true,"href":"https:\/\/www.benarabi.org\/index.php?rest_route=\/wp\/v2\/users\/1"}],"replies":[{"embeddable":true,"href":"https:\/\/www.benarabi.org\/index.php?rest_route=%2Fwp%2Fv2%2Fcomments&post=10851"}],"version-history":[{"count":2,"href":"https:\/\/www.benarabi.org\/index.php?rest_route=\/wp\/v2\/posts\/10851\/revisions"}],"predecessor-version":[{"id":10855,"href":"https:\/\/www.benarabi.org\/index.php?rest_route=\/wp\/v2\/posts\/10851\/revisions\/10855"}],"wp:attachment":[{"href":"https:\/\/www.benarabi.org\/index.php?rest_route=%2Fwp%2Fv2%2Fmedia&parent=10851"}],"wp:term":[{"taxonomy":"category","embeddable":true,"href":"https:\/\/www.benarabi.org\/index.php?rest_route=%2Fwp%2Fv2%2Fcategories&post=10851"},{"taxonomy":"post_tag","embeddable":true,"href":"https:\/\/www.benarabi.org\/index.php?rest_route=%2Fwp%2Fv2%2Ftags&post=10851"}],"curies":[{"name":"wp","href":"https:\/\/api.w.org\/{rel}","templated":true}]}}