{"id":10865,"date":"2023-05-17T11:05:15","date_gmt":"2023-05-17T09:05:15","guid":{"rendered":"https:\/\/www.benarabi.org\/?p=10865"},"modified":"2023-05-22T11:14:34","modified_gmt":"2023-05-22T09:14:34","slug":"acto-de-graduacion-de-alumnos-de-2o-bachillerato-curso-22-23","status":"publish","type":"post","link":"https:\/\/www.benarabi.org\/?p=10865","title":{"rendered":"Acto de Graduaci\u00f3n de alumnos de 2\u00ba Bachillerato Curso 22-23"},"content":{"rendered":"<p style=\"text-align: justify;\"><img loading=\"lazy\" decoding=\"async\" class=\"alignleft\" src=\"https:\/\/www.benarabi.org\/wp-content\/uploads\/2022\/05\/Sin-titulo.jpg\" alt=\"\" width=\"327\" height=\"224\" \/>El IES Ben Arab\u00ed ha organizado un acto de graduaci\u00f3n para los alumnos de 2\u00ba de Bachillerato. Con este acto queremos hacer un reconocimiento a los alumnos que, a lo largo de estos seis \u00faltimos a\u00f1os, han completado sus estudios en nuestro centro. Durante el mismo, se har\u00e1 entrega a cada alumno de un diploma de Bachillerato y se har\u00e1 la imposici\u00f3n de becas.<\/p>\n<p style=\"text-align: justify;\">El acto tendr\u00e1 lugar en el hall del Instituto el <strong>viernes 19 de mayo a las 19.30 horas<\/strong>. Es un acto abierto, y estar\u00edamos encantados si los padres y familiares de los alumnos estuvieran presentes durante el mismo para acompa\u00f1ar a sus hijos en este momento tan especial.<\/p>\n<p style=\"text-align: justify;\">Esperamos contar con la presencia de todos los alumnos y sus familiares, as\u00ed como de los profesores que les han acompa\u00f1ado durante estos a\u00f1os en el IES Ben Arab\u00ed. Os esperamos a todos.<\/p>\n<p>Si quieres ver el Programa detallado del acto, <a href=\"https:\/\/www.benarabi.org\/wp-content\/uploads\/2023\/05\/Programa-Acto-Graduacion-2o-bach.pdf\">pincha aqu\u00ed<\/a>.<\/p>\n","protected":false},"excerpt":{"rendered":"<p>El IES Ben Arab\u00ed ha organizado un acto de graduaci\u00f3n para los alumnos de 2\u00ba de Bachillerato. Con este acto queremos hacer un reconocimiento a los alumnos que, a lo largo de estos seis \u00faltimos a\u00f1os, han completado sus estudios en nuestro centro. Durante el mismo, se har\u00e1 entrega a cada alumno de un diploma [&hellip;]<\/p>\n","protected":false},"author":1,"featured_media":0,"comment_status":"closed","ping_status":"open","sticky":false,"template":"","format":"standard","meta":{"footnotes":""},"categories":[1],"tags":[],"class_list":["post-10865","post","type-post","status-publish","format-standard","hentry","category-sin-categoria"],"_links":{"self":[{"href":"https:\/\/www.benarabi.org\/index.php?rest_route=\/wp\/v2\/posts\/10865","targetHints":{"allow":["GET"]}}],"collection":[{"href":"https:\/\/www.benarabi.org\/index.php?rest_route=\/wp\/v2\/posts"}],"about":[{"href":"https:\/\/www.benarabi.org\/index.php?rest_route=\/wp\/v2\/types\/post"}],"author":[{"embeddable":true,"href":"https:\/\/www.benarabi.org\/index.php?rest_route=\/wp\/v2\/users\/1"}],"replies":[{"embeddable":true,"href":"https:\/\/www.benarabi.org\/index.php?rest_route=%2Fwp%2Fv2%2Fcomments&post=10865"}],"version-history":[{"count":2,"href":"https:\/\/www.benarabi.org\/index.php?rest_route=\/wp\/v2\/posts\/10865\/revisions"}],"predecessor-version":[{"id":10869,"href":"https:\/\/www.benarabi.org\/index.php?rest_route=\/wp\/v2\/posts\/10865\/revisions\/10869"}],"wp:attachment":[{"href":"https:\/\/www.benarabi.org\/index.php?rest_route=%2Fwp%2Fv2%2Fmedia&parent=10865"}],"wp:term":[{"taxonomy":"category","embeddable":true,"href":"https:\/\/www.benarabi.org\/index.php?rest_route=%2Fwp%2Fv2%2Fcategories&post=10865"},{"taxonomy":"post_tag","embeddable":true,"href":"https:\/\/www.benarabi.org\/index.php?rest_route=%2Fwp%2Fv2%2Ftags&post=10865"}],"curies":[{"name":"wp","href":"https:\/\/api.w.org\/{rel}","templated":true}]}}