{"id":10901,"date":"2023-05-22T11:02:14","date_gmt":"2023-05-22T09:02:14","guid":{"rendered":"https:\/\/www.benarabi.org\/?p=10901"},"modified":"2023-05-22T11:03:14","modified_gmt":"2023-05-22T09:03:14","slug":"admision-a-ciclos-formativos-de-grado-basico","status":"publish","type":"post","link":"https:\/\/www.benarabi.org\/?p=10901","title":{"rendered":"Admisi\u00f3n a Ciclos Formativos de Grado B\u00e1sico"},"content":{"rendered":"<p style=\"text-align: justify;\"><a href=\"https:\/\/www.benarabi.org\/wp-content\/uploads\/2023\/05\/fp-basica.png\"><img loading=\"lazy\" decoding=\"async\" class=\"alignleft wp-image-10902\" src=\"https:\/\/www.benarabi.org\/wp-content\/uploads\/2023\/05\/fp-basica.png\" alt=\"\" width=\"150\" height=\"74\" \/><\/a>Ha salido publicada la Resoluci\u00f3n de 28 de abril de 2023 de la Direcci\u00f3n General de Atenci\u00f3n a la Diversidad, Innovaci\u00f3n y Formaci\u00f3n Profesional, por la que se convoca el proceso de admisi\u00f3n de alumnado en centros docentes sostenidos con fondos p\u00fablicos que imparten <strong>ciclos formativos de grado b\u00e1sico<\/strong>, en la Comunidad Aut\u00f3noma de la Regi\u00f3n de Murcia, para el curso 2023-2024.<\/p>\n<p style=\"text-align: justify;\">Las <strong>solicitudes de admisi\u00f3n<\/strong> a primer curso se cumplimentar\u00e1n a trav\u00e9s del tr\u00e1mite en l\u00ednea que estar\u00e1 disponible en la sede electr\u00f3nica de la Comunidad Aut\u00f3noma de la Regi\u00f3n de Murcia, http:\/\/sede.carm.es (registro y gu\u00eda de procedimientos y servicios) con el n\u00famero de procedimiento <strong>1125<\/strong>, teniendo el interesado la opci\u00f3n de cumplimentar el formulario de la solicitud con certificado digital o sin certificado digital.<\/p>\n<p style=\"text-align: justify;\">El Departamento de Orientaci\u00f3n del instituto les proporcionar\u00e1 la documentaci\u00f3n necesaria para adjuntar al tr\u00e1mite.<\/p>\n<p style=\"text-align: justify;\">El <strong>plazo de presentaci\u00f3n de solicitudes<\/strong> en el TURNO ORDINARIO es desde las 9:00 horas del 22 de mayo hasta las 14:00 horas del 2 de junio, ambos inclusive.<\/p>\n<p style=\"text-align: justify;\">Si quieres ver la Resoluci\u00f3n de 28 de abril de 2023, <a href=\"https:\/\/www.carm.es\/web\/servlet\/descarga?ALIAS=ARCH&amp;IDCONTENIDO=184300&amp;ARCHIVO=Normativa.pdf\" target=\"_blank\" rel=\"noopener\">pincha aqu\u00ed<\/a>.<\/p>\n<p style=\"text-align: justify;\">Si quieres ver enlace a toda la informaci\u00f3n sobre Grado B\u00e1sico, <a href=\"https:\/\/www.carm.es\/web\/pagina?IDCONTENIDO=72572&amp;IDTIPO=100&amp;RASTRO=c816$m17010,48274\">pincha aqu\u00ed<\/a>.<\/p>\n","protected":false},"excerpt":{"rendered":"<p>Ha salido publicada la Resoluci\u00f3n de 28 de abril de 2023 de la Direcci\u00f3n General de Atenci\u00f3n a la Diversidad, Innovaci\u00f3n y Formaci\u00f3n Profesional, por la que se convoca el proceso de admisi\u00f3n de alumnado en centros docentes sostenidos con fondos p\u00fablicos que imparten ciclos formativos de grado b\u00e1sico, en la Comunidad Aut\u00f3noma de la [&hellip;]<\/p>\n","protected":false},"author":1,"featured_media":0,"comment_status":"closed","ping_status":"open","sticky":false,"template":"","format":"standard","meta":{"footnotes":""},"categories":[1],"tags":[],"class_list":["post-10901","post","type-post","status-publish","format-standard","hentry","category-sin-categoria"],"_links":{"self":[{"href":"https:\/\/www.benarabi.org\/index.php?rest_route=\/wp\/v2\/posts\/10901","targetHints":{"allow":["GET"]}}],"collection":[{"href":"https:\/\/www.benarabi.org\/index.php?rest_route=\/wp\/v2\/posts"}],"about":[{"href":"https:\/\/www.benarabi.org\/index.php?rest_route=\/wp\/v2\/types\/post"}],"author":[{"embeddable":true,"href":"https:\/\/www.benarabi.org\/index.php?rest_route=\/wp\/v2\/users\/1"}],"replies":[{"embeddable":true,"href":"https:\/\/www.benarabi.org\/index.php?rest_route=%2Fwp%2Fv2%2Fcomments&post=10901"}],"version-history":[{"count":3,"href":"https:\/\/www.benarabi.org\/index.php?rest_route=\/wp\/v2\/posts\/10901\/revisions"}],"predecessor-version":[{"id":10906,"href":"https:\/\/www.benarabi.org\/index.php?rest_route=\/wp\/v2\/posts\/10901\/revisions\/10906"}],"wp:attachment":[{"href":"https:\/\/www.benarabi.org\/index.php?rest_route=%2Fwp%2Fv2%2Fmedia&parent=10901"}],"wp:term":[{"taxonomy":"category","embeddable":true,"href":"https:\/\/www.benarabi.org\/index.php?rest_route=%2Fwp%2Fv2%2Fcategories&post=10901"},{"taxonomy":"post_tag","embeddable":true,"href":"https:\/\/www.benarabi.org\/index.php?rest_route=%2Fwp%2Fv2%2Ftags&post=10901"}],"curies":[{"name":"wp","href":"https:\/\/api.w.org\/{rel}","templated":true}]}}