{"id":10907,"date":"2023-05-22T11:04:55","date_gmt":"2023-05-22T09:04:55","guid":{"rendered":"https:\/\/www.benarabi.org\/?p=10907"},"modified":"2023-05-22T11:09:20","modified_gmt":"2023-05-22T09:09:20","slug":"ayudas-para-alumnos-con-necesidad-especifica-de-apoyo-educativo-para-el-curso-23_24","status":"publish","type":"post","link":"https:\/\/www.benarabi.org\/?p=10907","title":{"rendered":"Ayudas para alumnos con necesidad espec\u00edfica de apoyo educativo para el curso 23_24"},"content":{"rendered":"<p style=\"text-align: justify;\"><a href=\"https:\/\/www.benarabi.org\/wp-content\/uploads\/2023\/05\/IMAGEN_Becas.png\"><img loading=\"lazy\" decoding=\"async\" class=\"wp-image-10908 alignleft\" src=\"https:\/\/www.benarabi.org\/wp-content\/uploads\/2023\/05\/IMAGEN_Becas.png\" alt=\"\" width=\"150\" height=\"62\" srcset=\"https:\/\/www.benarabi.org\/wp-content\/uploads\/2023\/05\/IMAGEN_Becas.png 820w, https:\/\/www.benarabi.org\/wp-content\/uploads\/2023\/05\/IMAGEN_Becas-768x318.png 768w\" sizes=\"auto, (max-width: 150px) 100vw, 150px\" \/><\/a>Publicada la Resoluci\u00f3n de la Secretar\u00eda de Estado de Educaci\u00f3n, por la que se convocan Ayudas para alumnos con necesidad espec\u00edfica de apoyo educativo para el curso acad\u00e9mico 2023-24.<\/p>\n<p style=\"text-align: justify;\">El plazo de presentaci\u00f3n de solicitudes se extender\u00e1 desde el 8 de mayo hasta el 20 de septiembre de 2023, inclusive.<\/p>\n<p style=\"text-align: justify;\">Si quieres ver la <strong>Resoluci\u00f3n completa<\/strong><strong>, <a href=\"https:\/\/www.benarabi.org\/wp-content\/uploads\/2023\/05\/Convocatoria-NEAE-curso-2023_2024-Firmada.pdf\">pincha aqu\u00ed<\/a>.<\/strong><\/p>\n<p style=\"text-align: justify;\">Si quieres ver el <strong>Extracto de la Resoluci\u00f3n de 20 de abril de 2023<\/strong>, de la Secretar\u00eda de Estado de Educaci\u00f3n, por la que se convocan ayudas para alumnos con necesidad espec\u00edfica de apoyo educativo para el curso acad\u00e9mico 2023-2024, <a href=\"https:\/\/www.boe.es\/boe\/dias\/2023\/04\/26\/pdfs\/BOE-B-2023-12318.pdf\"><strong>pincha aqu\u00ed<\/strong><\/a><strong>.<\/strong><\/p>\n","protected":false},"excerpt":{"rendered":"<p>Publicada la Resoluci\u00f3n de la Secretar\u00eda de Estado de Educaci\u00f3n, por la que se convocan Ayudas para alumnos con necesidad espec\u00edfica de apoyo educativo para el curso acad\u00e9mico 2023-24. El plazo de presentaci\u00f3n de solicitudes se extender\u00e1 desde el 8 de mayo hasta el 20 de septiembre de 2023, inclusive. Si quieres ver la Resoluci\u00f3n [&hellip;]<\/p>\n","protected":false},"author":1,"featured_media":0,"comment_status":"closed","ping_status":"open","sticky":false,"template":"","format":"standard","meta":{"footnotes":""},"categories":[1],"tags":[],"class_list":["post-10907","post","type-post","status-publish","format-standard","hentry","category-sin-categoria"],"_links":{"self":[{"href":"https:\/\/www.benarabi.org\/index.php?rest_route=\/wp\/v2\/posts\/10907","targetHints":{"allow":["GET"]}}],"collection":[{"href":"https:\/\/www.benarabi.org\/index.php?rest_route=\/wp\/v2\/posts"}],"about":[{"href":"https:\/\/www.benarabi.org\/index.php?rest_route=\/wp\/v2\/types\/post"}],"author":[{"embeddable":true,"href":"https:\/\/www.benarabi.org\/index.php?rest_route=\/wp\/v2\/users\/1"}],"replies":[{"embeddable":true,"href":"https:\/\/www.benarabi.org\/index.php?rest_route=%2Fwp%2Fv2%2Fcomments&post=10907"}],"version-history":[{"count":4,"href":"https:\/\/www.benarabi.org\/index.php?rest_route=\/wp\/v2\/posts\/10907\/revisions"}],"predecessor-version":[{"id":10913,"href":"https:\/\/www.benarabi.org\/index.php?rest_route=\/wp\/v2\/posts\/10907\/revisions\/10913"}],"wp:attachment":[{"href":"https:\/\/www.benarabi.org\/index.php?rest_route=%2Fwp%2Fv2%2Fmedia&parent=10907"}],"wp:term":[{"taxonomy":"category","embeddable":true,"href":"https:\/\/www.benarabi.org\/index.php?rest_route=%2Fwp%2Fv2%2Fcategories&post=10907"},{"taxonomy":"post_tag","embeddable":true,"href":"https:\/\/www.benarabi.org\/index.php?rest_route=%2Fwp%2Fv2%2Ftags&post=10907"}],"curies":[{"name":"wp","href":"https:\/\/api.w.org\/{rel}","templated":true}]}}