{"id":10956,"date":"2023-06-03T23:03:02","date_gmt":"2023-06-03T21:03:02","guid":{"rendered":"https:\/\/www.benarabi.org\/?p=10956"},"modified":"2023-06-03T23:04:09","modified_gmt":"2023-06-03T21:04:09","slug":"convocatoria-premios-extraordinarios-de-bachillerato-curso-22-23","status":"publish","type":"post","link":"https:\/\/www.benarabi.org\/?p=10956","title":{"rendered":"Convocatoria Premios Extraordinarios de Bachillerato Curso 22-23"},"content":{"rendered":"<p style=\"text-align: justify;\"><img loading=\"lazy\" decoding=\"async\" class=\"alignleft size-full\" src=\"https:\/\/www.benarabi.org\/wp-content\/uploads\/2020\/09\/premiosop-e1600327296339.jpg\" width=\"150\" height=\"90\" \/>Con fecha\u00a0 31 de mayo de 2023 se ha publicado en el BORM el Extracto de la Orden de la Consejer\u00eda de Educaci\u00f3n, Formaci\u00f3n Profesional y Empleo por la que se convocan los\u00a0<strong>Premios\u00a0Extraordinarios\u00a0de Bachillerato\u00a0<\/strong>de la Comunidad Aut\u00f3noma de la Regi\u00f3n de Murcia correspondientes al curso acad\u00e9mico 2022-2023.<\/p>\n<p style=\"text-align: justify;\">Los beneficiarios son aquellos alumnos que hayan cursado y superado los dos cursos de Bachillerato y cuya nota media de bachillerato sea igual o superior a 8,75 puntos.<\/p>\n<ul style=\"text-align: justify;\">\n<li>Si quieres ver el <strong>Extracto de la Orden <\/strong>de la Consejer\u00eda de Educaci\u00f3n, Formaci\u00f3n Profesional y Empleo, por la que se convocan los Premios Extraordinarios de Bachillerato de la Comunidad Aut\u00f3noma de la Regi\u00f3n de Murcia correspondientes al curso 2022-2023 <a href=\"https:\/\/www.benarabi.org\/wp-content\/uploads\/2023\/06\/EXTRACTO_ORDEN_BORM-31-05-2023.pdf\">pincha aqu\u00ed<\/a>.<\/li>\n<li>Si quieres ver la <strong>Orden de 10\u00a0de julio de 2017<\/strong> de la Consejer\u00eda de Educaci\u00f3n, Juventud y Deportes, por la que se aprueban las bases reguladoras de los Premios Extraordinarios de Bachillerato en la Comunidad Aut\u00f3noma de la Regi\u00f3n de Murcia derivados de la Ley Org\u00e1nica 8\/2013, de 9 de diciembre, para la mejora de la Calidad Educativa <a href=\"https:\/\/www.benarabi.org\/wp-content\/uploads\/2023\/06\/Orden-de-bases-reguladoras-PEB-BORM-de-11-julio-2017-1.pdf\">pincha aqu\u00ed.<\/a><\/li>\n<li>Si quieres ver la <strong>Orden <\/strong>de la Consejer\u00eda de Educaci\u00f3n, Formaci\u00f3n Profesional y Empleo, por la que se convocan los Premios Extraordinarios de Bachillerato en la Comunidad Aut\u00f3noma de la Regi\u00f3n de Murcia correspondientes al curso 2022-2023, <a href=\"https:\/\/www.benarabi.org\/wp-content\/uploads\/2023\/06\/A-33248-ORDEN-CONVOCATORIA-PEB-2022-23-COPIA.pdf\">pincha aqu\u00ed<\/a>. <u>Dicha orden incluye como <a href=\"https:\/\/www.benarabi.org\/wp-content\/uploads\/2023\/06\/ANEXO_SOLICITUD-PEB-2022-2023_edit.pdf\">Anexo<\/a> la solicitud que ha de cumplimentar el alumnado.<\/u><\/li>\n<\/ul>\n<p style=\"text-align: justify;\"><u>El\u00a0<strong>plazo de solicitud para el alumnado comienza el d\u00eda 1 de junio\u00a0y finaliza el d\u00eda 16 de junio<\/strong><\/u><strong>.<\/strong><\/p>\n","protected":false},"excerpt":{"rendered":"<p>Con fecha\u00a0 31 de mayo de 2023 se ha publicado en el BORM el Extracto de la Orden de la Consejer\u00eda de Educaci\u00f3n, Formaci\u00f3n Profesional y Empleo por la que se convocan los\u00a0Premios\u00a0Extraordinarios\u00a0de Bachillerato\u00a0de la Comunidad Aut\u00f3noma de la Regi\u00f3n de Murcia correspondientes al curso acad\u00e9mico 2022-2023. Los beneficiarios son aquellos alumnos que hayan cursado [&hellip;]<\/p>\n","protected":false},"author":1,"featured_media":0,"comment_status":"closed","ping_status":"open","sticky":false,"template":"","format":"standard","meta":{"footnotes":""},"categories":[1],"tags":[],"class_list":["post-10956","post","type-post","status-publish","format-standard","hentry","category-sin-categoria"],"_links":{"self":[{"href":"https:\/\/www.benarabi.org\/index.php?rest_route=\/wp\/v2\/posts\/10956","targetHints":{"allow":["GET"]}}],"collection":[{"href":"https:\/\/www.benarabi.org\/index.php?rest_route=\/wp\/v2\/posts"}],"about":[{"href":"https:\/\/www.benarabi.org\/index.php?rest_route=\/wp\/v2\/types\/post"}],"author":[{"embeddable":true,"href":"https:\/\/www.benarabi.org\/index.php?rest_route=\/wp\/v2\/users\/1"}],"replies":[{"embeddable":true,"href":"https:\/\/www.benarabi.org\/index.php?rest_route=%2Fwp%2Fv2%2Fcomments&post=10956"}],"version-history":[{"count":2,"href":"https:\/\/www.benarabi.org\/index.php?rest_route=\/wp\/v2\/posts\/10956\/revisions"}],"predecessor-version":[{"id":10962,"href":"https:\/\/www.benarabi.org\/index.php?rest_route=\/wp\/v2\/posts\/10956\/revisions\/10962"}],"wp:attachment":[{"href":"https:\/\/www.benarabi.org\/index.php?rest_route=%2Fwp%2Fv2%2Fmedia&parent=10956"}],"wp:term":[{"taxonomy":"category","embeddable":true,"href":"https:\/\/www.benarabi.org\/index.php?rest_route=%2Fwp%2Fv2%2Fcategories&post=10956"},{"taxonomy":"post_tag","embeddable":true,"href":"https:\/\/www.benarabi.org\/index.php?rest_route=%2Fwp%2Fv2%2Ftags&post=10956"}],"curies":[{"name":"wp","href":"https:\/\/api.w.org\/{rel}","templated":true}]}}