{"id":10977,"date":"2023-06-13T14:42:09","date_gmt":"2023-06-13T12:42:09","guid":{"rendered":"https:\/\/www.benarabi.org\/?p=10977"},"modified":"2023-06-13T14:42:28","modified_gmt":"2023-06-13T12:42:28","slug":"v-certamen-de-poesia-viento-del-pueblo-acto-de-entrega-de-premios","status":"publish","type":"post","link":"https:\/\/www.benarabi.org\/?p=10977","title":{"rendered":"V Certamen de poes\u00eda \u201cViento del pueblo\u201d &#8211; Acto de entrega de premios"},"content":{"rendered":"<p style=\"text-align: justify;\"><a href=\"https:\/\/www.benarabi.org\/wp-content\/uploads\/2023\/06\/IMG-5538-scaled.jpg\"><img loading=\"lazy\" decoding=\"async\" class=\"wp-image-10979 alignleft\" src=\"https:\/\/www.benarabi.org\/wp-content\/uploads\/2023\/06\/IMG-5538-scaled.jpg\" alt=\"\" width=\"150\" height=\"113\" srcset=\"https:\/\/www.benarabi.org\/wp-content\/uploads\/2023\/06\/IMG-5538-scaled.jpg 2560w, https:\/\/www.benarabi.org\/wp-content\/uploads\/2023\/06\/IMG-5538-768x576.jpg 768w, https:\/\/www.benarabi.org\/wp-content\/uploads\/2023\/06\/IMG-5538-1536x1152.jpg 1536w, https:\/\/www.benarabi.org\/wp-content\/uploads\/2023\/06\/IMG-5538-2048x1536.jpg 2048w\" sizes=\"auto, (max-width: 150px) 100vw, 150px\" \/><\/a>El d\u00eda\u00a030 de mayo\u00a0tuvo lugar el acto de entrega de los premios del V Certamen Literario \u00abViento del pueblo\u00bb, en homenaje al poeta oriolano Miguel Hern\u00e1ndez.<\/p>\n<p style=\"text-align: justify;\">El concurso se organiza desde los IES Ben Arab\u00ed, el IES Mediterr\u00e1neo y, por primera vez, el IES\u00a0Isaac Peral, todos ellos de Cartagena. Como en anteriores ediciones, el premio ha tenido como mecenas a la Fundaci\u00f3n Cultural Miguel Hern\u00e1ndez de Orihuela, cuyo director es el fil\u00f3logo Aitor L. Larrabide. Adem\u00e1s de con su presencia, el acto cont\u00f3 con la asistencia y participaci\u00f3n de los directores de los centros organizadores, y del profesor de Geograf\u00eda e Historia y Cronista Oficial de la ciudad de Cartagena, Francisco Jos\u00e9 Franco.<\/p>\n<p style=\"text-align: justify;\">Se entregaron\u00a0dos primeros premios:\u00a0\u00c1lvaro Garc\u00eda Roig\u00a0(cursa\u00a02\u00ba ESO en el IES\u00a0Isaac Peral), en la categor\u00eda A, de 1\u00ba a 3\u00baESO; y Pablo Gil Moreno\u00a0(alumno de\u00a04\u00ba ESO\u00a0en el IES\u00a0Villa de Abar\u00e1n), en la categor\u00eda B, de 4\u00baESO y Bachillerato. Ambos premios, dotados con 200 euros.<\/p>\n<p style=\"text-align: justify;\">Adem\u00e1s, el jurado otorg\u00f3 dos acc\u00e9sits de 100 euros para premiar la calidad de los poemas presentados en la categor\u00eda B: Paula Ca\u00f1avate Mart\u00ednez (1\u00ba de Bachillerato en el IES Ben Arab\u00ed) y Hugo Sanmart\u00edn S\u00e1nchez (2\u00ba de Bachillerato en el colegio Virgen del Pasico de Torre-Pacheco).<\/p>\n<p style=\"text-align: justify;\">El acto tuvo un hermoso momento musical cuando la profesora de Lengua Castellana y Literatura del IES Mediterr\u00e1neo,\u00a0Gracia Mart\u00ednez, cant\u00f3 los versos del poema \u00abNanas de la cebolla\u00bb, en la famosa versi\u00f3n musicada de Joan Manuel Serrat.<\/p>\n<p style=\"text-align: justify;\">El certamen se despide as\u00ed por este a\u00f1o, emplazando a todos los j\u00f3venes escritores a participar en la edici\u00f3n del pr\u00f3ximo curso.<\/p>\n<div id='gallery-1' class='gallery galleryid-10977 gallery-columns-3 gallery-size-thumbnail'><figure class='gallery-item'>\n\t\t\t<div class='gallery-icon landscape'>\n\t\t\t\t<a href='https:\/\/www.benarabi.org\/?attachment_id=10978'><img loading=\"lazy\" decoding=\"async\" width=\"250\" height=\"141\" src=\"https:\/\/www.benarabi.org\/wp-content\/uploads\/2023\/06\/IMG-5524-250x141.jpg\" class=\"attachment-thumbnail size-thumbnail\" alt=\"\" srcset=\"https:\/\/www.benarabi.org\/wp-content\/uploads\/2023\/06\/IMG-5524-250x141.jpg 250w, https:\/\/www.benarabi.org\/wp-content\/uploads\/2023\/06\/IMG-5524-850x478.jpg 850w, https:\/\/www.benarabi.org\/wp-content\/uploads\/2023\/06\/IMG-5524-1200x675.jpg 1200w\" sizes=\"auto, (max-width: 250px) 100vw, 250px\" \/><\/a>\n\t\t\t<\/div><\/figure><figure class='gallery-item'>\n\t\t\t<div class='gallery-icon landscape'>\n\t\t\t\t<a href='https:\/\/www.benarabi.org\/?attachment_id=10979'><img loading=\"lazy\" decoding=\"async\" width=\"250\" height=\"141\" src=\"https:\/\/www.benarabi.org\/wp-content\/uploads\/2023\/06\/IMG-5538-250x141.jpg\" class=\"attachment-thumbnail size-thumbnail\" alt=\"\" srcset=\"https:\/\/www.benarabi.org\/wp-content\/uploads\/2023\/06\/IMG-5538-250x141.jpg 250w, https:\/\/www.benarabi.org\/wp-content\/uploads\/2023\/06\/IMG-5538-850x478.jpg 850w, https:\/\/www.benarabi.org\/wp-content\/uploads\/2023\/06\/IMG-5538-1200x675.jpg 1200w\" sizes=\"auto, (max-width: 250px) 100vw, 250px\" \/><\/a>\n\t\t\t<\/div><\/figure>\n\t\t<\/div>\n\n","protected":false},"excerpt":{"rendered":"<p>El d\u00eda\u00a030 de mayo\u00a0tuvo lugar el acto de entrega de los premios del V Certamen Literario \u00abViento del pueblo\u00bb, en homenaje al poeta oriolano Miguel Hern\u00e1ndez. El concurso se organiza desde los IES Ben Arab\u00ed, el IES Mediterr\u00e1neo y, por primera vez, el IES\u00a0Isaac Peral, todos ellos de Cartagena. Como en anteriores ediciones, el premio [&hellip;]<\/p>\n","protected":false},"author":1,"featured_media":0,"comment_status":"closed","ping_status":"open","sticky":false,"template":"","format":"standard","meta":{"footnotes":""},"categories":[1],"tags":[],"class_list":["post-10977","post","type-post","status-publish","format-standard","hentry","category-sin-categoria"],"_links":{"self":[{"href":"https:\/\/www.benarabi.org\/index.php?rest_route=\/wp\/v2\/posts\/10977","targetHints":{"allow":["GET"]}}],"collection":[{"href":"https:\/\/www.benarabi.org\/index.php?rest_route=\/wp\/v2\/posts"}],"about":[{"href":"https:\/\/www.benarabi.org\/index.php?rest_route=\/wp\/v2\/types\/post"}],"author":[{"embeddable":true,"href":"https:\/\/www.benarabi.org\/index.php?rest_route=\/wp\/v2\/users\/1"}],"replies":[{"embeddable":true,"href":"https:\/\/www.benarabi.org\/index.php?rest_route=%2Fwp%2Fv2%2Fcomments&post=10977"}],"version-history":[{"count":2,"href":"https:\/\/www.benarabi.org\/index.php?rest_route=\/wp\/v2\/posts\/10977\/revisions"}],"predecessor-version":[{"id":10981,"href":"https:\/\/www.benarabi.org\/index.php?rest_route=\/wp\/v2\/posts\/10977\/revisions\/10981"}],"wp:attachment":[{"href":"https:\/\/www.benarabi.org\/index.php?rest_route=%2Fwp%2Fv2%2Fmedia&parent=10977"}],"wp:term":[{"taxonomy":"category","embeddable":true,"href":"https:\/\/www.benarabi.org\/index.php?rest_route=%2Fwp%2Fv2%2Fcategories&post=10977"},{"taxonomy":"post_tag","embeddable":true,"href":"https:\/\/www.benarabi.org\/index.php?rest_route=%2Fwp%2Fv2%2Ftags&post=10977"}],"curies":[{"name":"wp","href":"https:\/\/api.w.org\/{rel}","templated":true}]}}