{"id":10997,"date":"2023-06-24T18:34:34","date_gmt":"2023-06-24T16:34:34","guid":{"rendered":"https:\/\/www.benarabi.org\/?p=10997"},"modified":"2023-06-24T18:34:40","modified_gmt":"2023-06-24T16:34:40","slug":"el-ies-ben-arabi-recoge-la-placa-que-le-acredita-como-centro-erasmus-periodo-23-27","status":"publish","type":"post","link":"https:\/\/www.benarabi.org\/?p=10997","title":{"rendered":"EL IES BEN ARAB\u00cd RECOGE LA PLACA QUE LE ACREDITA COMO CENTRO ERASMUS + (PER\u00cdODO 23-27)"},"content":{"rendered":"<p><span style=\"font-weight: 400;\"><a href=\"https:\/\/www.benarabi.org\/wp-content\/uploads\/2023\/06\/1687432273283.jpg\"><img loading=\"lazy\" decoding=\"async\" class=\"wp-image-11003 alignleft\" src=\"https:\/\/www.benarabi.org\/wp-content\/uploads\/2023\/06\/1687432273283.jpg\" alt=\"\" width=\"150\" height=\"68\" srcset=\"https:\/\/www.benarabi.org\/wp-content\/uploads\/2023\/06\/1687432273283.jpg 2000w, https:\/\/www.benarabi.org\/wp-content\/uploads\/2023\/06\/1687432273283-768x346.jpg 768w, https:\/\/www.benarabi.org\/wp-content\/uploads\/2023\/06\/1687432273283-1536x691.jpg 1536w\" sizes=\"auto, (max-width: 150px) 100vw, 150px\" \/><\/a>Con motivo del evento que tuvo lugar de la \u201cEntrega de placas a centros acreditados Erasmus+ 2022\u201d a 41 centros para internacionalizar y dotar de oportunidades a toda la comunidad educativa, el centro recibi\u00f3 la suya y ya se puede disfrutar en el panel de ladrillo de entrada al mismo. Representando al IES Ben Arab\u00ed acudieron el director <\/span><b>D. Manuel D\u00edaz Segura<\/b><span style=\"font-weight: 400;\"> y el Coordinador del Programa \u201cErasmus +\u201d <\/span><b>D. Juan Pedro Liarte Belmonte<\/b><span style=\"font-weight: 400;\">. Al finalizar el acto, ambos pudieron compartir impresiones y experiencias con otros centros participantes. En este sentido, y para poder organizar de forma adecuada el programa, el coordinador participar\u00e1 los pr\u00f3ximos d\u00edas 26 y 27 de junio en las <\/span><b>Jornadas Iniciales Erasmus +<\/b><span style=\"font-weight: 400;\"> que <\/span><span style=\"font-weight: 400;\">Programas Educativos Europeos<\/span><span style=\"font-weight: 400;\"> organiza en Santiago de Compostela.<\/span><\/p>\n<p><span style=\"font-weight: 400;\">Se adjunta enlace para acceder a la galer\u00eda de im\u00e1genes que se puede descargar desde la web de <\/span><a href=\"https:\/\/programaseducativos.es\/acreditados-erasmus-22\/\"><span style=\"font-weight: 400;\">Programas Educativos<\/span><\/a><span style=\"font-weight: 400;\">.<\/span><\/p>\n<p>&nbsp;<\/p>\n<p><span style=\"font-weight: 400;\">Este reconocimiento lleva una labor previa de varios meses en la que el equipo de trabajo del centro formado por el equipo directivo, M\u00f3nica Borgo\u00f1\u00f3s y Juan Pedro Liarte presentaron el proyecto de solicitud de acreditaci\u00f3n ERASMUS + el pasado mes de noviembre de 2022 con el objetivo de internacionalizar el centro para los pr\u00f3ximos 4 a\u00f1os.<\/span><\/p>\n<p><span style=\"font-weight: 400;\">Una vez solucionadas algunas incidencias, el pasado <\/span><b>21 de febrero de 2023<\/b><span style=\"font-weight: 400;\"> se public\u00f3 en la p\u00e1gina web del SEPIE la <\/span><b>Resoluci\u00f3n definitiva de la Direcci\u00f3n del Servicio Espa\u00f1ol para la Internacionalizaci\u00f3n de la Educaci\u00f3n (SEPIE)<\/b><span style=\"font-weight: 400;\"> por la que se publican los listados de solicitudes seleccionadas y rechazadas de la Acci\u00f3n Clave 1 \u2013 Movilidad educativa de las personas- Acreditaci\u00f3n Erasmus en los \u00e1mbitos de la Educaci\u00f3n Escolar, de la Formaci\u00f3n Profesional y de la Educaci\u00f3n de Personas Adultas (KA120-SCH, KA120-VET, KA120-ADU), correspondientes a la Convocatoria de Propuestas del programa Erasmus+ 2022, para el periodo 2023-2027.\u00a0<\/span><\/p>\n<p><span style=\"font-weight: 400;\">Conseguimos la acreditaci\u00f3n con un total de <\/span><b>81 puntos<\/b><span style=\"font-weight: 400;\"> sobre un m\u00e1ximo total de 100.<\/span><\/p>\n<p>&nbsp;<\/p>\n<p><span style=\"font-weight: 400;\">Los objetivos aprobados para llevar a cabo en estos 4 a\u00f1os son muy diversos y est\u00e1n orientados a mejorar en diversas \u00e1reas del centro teniendo en cuenta las necesidades extra\u00eddas del plan de calidad del centro:<\/span><\/p>\n<ul>\n<li style=\"font-weight: 400;\" aria-level=\"1\"><span style=\"font-weight: 400;\">Objetivo 1. Mejorar el aprendizaje de idiomas y la diversidad ling\u00fc\u00edstica en el centro fomentando el reconocimiento de los resultados de aprendizaje obtenidos por los alumnos y el personal educativo.<\/span><\/li>\n<li style=\"font-weight: 400;\" aria-level=\"1\"><span style=\"font-weight: 400;\">Objetivo 2.\u00a0 Desarrollar e implementar medidas de atenci\u00f3n a la diversidad. Alumnos autistas, actividades para mejora de relaciones sociales, participaci\u00f3n en proyectos.\u00a0<\/span><\/li>\n<li style=\"font-weight: 400;\" aria-level=\"1\"><span style=\"font-weight: 400;\">Objetivo 3 .\u00a0 Apoyar el desarrollo profesional de los profesores y directores del centro y dem\u00e1s personal educativo.\u00a0<\/span><\/li>\n<li style=\"font-weight: 400;\" aria-level=\"1\"><span style=\"font-weight: 400;\">Objetivo 4.\u00a0 Dotar al centro de recursos e instalaciones gracias a la gesti\u00f3n econ\u00f3mica eficaz y eficiente que favorezca el desarrollo sostenible en busca de la agenda 2030 de 0 emisiones.<\/span><\/li>\n<li style=\"font-weight: 400;\" aria-level=\"1\"><span style=\"font-weight: 400;\">Objetivo 5. Fomentar el uso de las nuevas tecnolog\u00edas digitalizaci\u00f3n del centro y sus procesos y dotaci\u00f3n de medios.\u00a0<\/span><\/li>\n<li style=\"font-weight: 400;\" aria-level=\"1\"><span style=\"font-weight: 400;\">Objetivo 6. Mejorar los procesos de ense\u00f1anza y movilizaci\u00f3n a trav\u00e9s de proyectos para evitar el fracaso escolar de alumnos en riesgo de abandono de la formaci\u00f3n obligatoria o postobligatoria.\u00a0<\/span><\/li>\n<li style=\"font-weight: 400;\" aria-level=\"1\"><span style=\"font-weight: 400;\">Objetivo 7.\u00a0 Mejorar en la gesti\u00f3n de aspectos docentes bas\u00e1ndose en la Calidad y la Transparencia.<\/span><\/li>\n<\/ul>\n<p>&nbsp;<\/p>\n<p><span style=\"font-weight: 400;\">Las movilidades estimadas previstas para cada curso son: 10 alumnos y 4 profesores (1\u00ba a\u00f1o); 20 alumnos y 5 profesores (2\u00baa\u00f1o); 30 alumnos y 6 profesores (3\u00ba a\u00f1o) y 40 alumnos y 10 profesores (4\u00ba a\u00f1o).<\/span><\/p>\n<p><span style=\"font-weight: 400;\">Contamos con toda la Comunidad Educativa para llevar este proyecto lo m\u00e1s lejos posible y conseguir poner a Cartagena en el mapa internacional de Europa.<\/span><\/p>\n","protected":false},"excerpt":{"rendered":"<p>Con motivo del evento que tuvo lugar de la \u201cEntrega de placas a centros acreditados Erasmus+ 2022\u201d a 41 centros para internacionalizar y dotar de oportunidades a toda la comunidad educativa, el centro recibi\u00f3 la suya y ya se puede disfrutar en el panel de ladrillo de entrada al mismo. Representando al IES Ben Arab\u00ed [&hellip;]<\/p>\n","protected":false},"author":1,"featured_media":0,"comment_status":"closed","ping_status":"open","sticky":false,"template":"","format":"standard","meta":{"footnotes":""},"categories":[1],"tags":[],"class_list":["post-10997","post","type-post","status-publish","format-standard","hentry","category-sin-categoria"],"_links":{"self":[{"href":"https:\/\/www.benarabi.org\/index.php?rest_route=\/wp\/v2\/posts\/10997","targetHints":{"allow":["GET"]}}],"collection":[{"href":"https:\/\/www.benarabi.org\/index.php?rest_route=\/wp\/v2\/posts"}],"about":[{"href":"https:\/\/www.benarabi.org\/index.php?rest_route=\/wp\/v2\/types\/post"}],"author":[{"embeddable":true,"href":"https:\/\/www.benarabi.org\/index.php?rest_route=\/wp\/v2\/users\/1"}],"replies":[{"embeddable":true,"href":"https:\/\/www.benarabi.org\/index.php?rest_route=%2Fwp%2Fv2%2Fcomments&post=10997"}],"version-history":[{"count":2,"href":"https:\/\/www.benarabi.org\/index.php?rest_route=\/wp\/v2\/posts\/10997\/revisions"}],"predecessor-version":[{"id":11006,"href":"https:\/\/www.benarabi.org\/index.php?rest_route=\/wp\/v2\/posts\/10997\/revisions\/11006"}],"wp:attachment":[{"href":"https:\/\/www.benarabi.org\/index.php?rest_route=%2Fwp%2Fv2%2Fmedia&parent=10997"}],"wp:term":[{"taxonomy":"category","embeddable":true,"href":"https:\/\/www.benarabi.org\/index.php?rest_route=%2Fwp%2Fv2%2Fcategories&post=10997"},{"taxonomy":"post_tag","embeddable":true,"href":"https:\/\/www.benarabi.org\/index.php?rest_route=%2Fwp%2Fv2%2Ftags&post=10997"}],"curies":[{"name":"wp","href":"https:\/\/api.w.org\/{rel}","templated":true}]}}