{"id":11007,"date":"2023-06-29T08:43:44","date_gmt":"2023-06-29T06:43:44","guid":{"rendered":"https:\/\/www.benarabi.org\/?p=11007"},"modified":"2023-06-29T10:40:15","modified_gmt":"2023-06-29T08:40:15","slug":"participacion-en-las-jornadas-iniciales-erasmus","status":"publish","type":"post","link":"https:\/\/www.benarabi.org\/?p=11007","title":{"rendered":"Participaci\u00f3n en las Jornadas Iniciales Erasmus +\u00a0"},"content":{"rendered":"<p style=\"text-align: justify;\"><span style=\"font-weight: 400;\"><a href=\"https:\/\/www.benarabi.org\/wp-content\/uploads\/2023\/06\/1687860208689-scaled.jpg\"><img loading=\"lazy\" decoding=\"async\" class=\"wp-image-11013 alignleft\" src=\"https:\/\/www.benarabi.org\/wp-content\/uploads\/2023\/06\/1687860208689-scaled.jpg\" alt=\"\" width=\"150\" height=\"73\" srcset=\"https:\/\/www.benarabi.org\/wp-content\/uploads\/2023\/06\/1687860208689-scaled.jpg 2560w, https:\/\/www.benarabi.org\/wp-content\/uploads\/2023\/06\/1687860208689-768x375.jpg 768w, https:\/\/www.benarabi.org\/wp-content\/uploads\/2023\/06\/1687860208689-1536x750.jpg 1536w, https:\/\/www.benarabi.org\/wp-content\/uploads\/2023\/06\/1687860208689-2048x999.jpg 2048w\" sizes=\"auto, (max-width: 150px) 100vw, 150px\" \/><\/a>Participaci\u00f3n en las Jornadas Iniciales Erasmus +\u00a0<\/span><\/p>\n<p style=\"text-align: justify;\"><span style=\"font-weight: 400;\">El centro, representado por el coordinador Juan Pedro Liarte Belmonte, ha participa en las Jornadas Iniciales Erasmus + que han tenido lugar en Santiago de Compostela durante los d\u00edas 26 y 27 de junio de 2023. Dos jornadas intensas de trabajo donde se han abordado todos los aspectos clave necesarios para poner en marcha el proyecto de 15 meses que comenz\u00f3 a andar el pasado 1 de junio. Ahora comienza un trabajo laborioso de organizaci\u00f3n, gesti\u00f3n de recursos, programaci\u00f3n, b\u00fasqueda de socios, establecimiento de criterios de selecci\u00f3n de alumnado, etc\u2026 que la comisi\u00f3n realizar\u00e1 durante los meses de junio y julio.<\/span><\/p>\n<p style=\"text-align: justify;\"><span style=\"font-weight: 400;\">La semana que viene conoceremos el alcance de las movilidades de alumnado y profesorado europeas a trav\u00e9s del convenio de colaboraci\u00f3n que se firmar\u00e1 la semana proxima. En este, quedar\u00e1n recogidas aquellas que el SEPIE autoriza para nuestro centro. A partir de septiembre informaremos a toda la Comunidad Educativa sobre el modo y plazos para que los alumnos puedan participar en el programa, y los socios con los que colaboraremos de otros pa\u00edses de europa para poder trabajar en el futuro.<\/span><\/p>\n<p style=\"text-align: justify;\"><span style=\"font-weight: 400;\">Para saber m\u00e1s pueden acceder a la nota de prensa del SEPIE sobre las propias jornadas.<\/span><\/p>\n<div id='gallery-1' class='gallery galleryid-11007 gallery-columns-6 gallery-size-thumbnail'><figure class='gallery-item'>\n\t\t\t<div class='gallery-icon landscape'>\n\t\t\t\t<a href='https:\/\/www.benarabi.org\/?attachment_id=11008'><img loading=\"lazy\" decoding=\"async\" width=\"250\" height=\"141\" src=\"https:\/\/www.benarabi.org\/wp-content\/uploads\/2023\/06\/Rosa-y-yo-acreditacion-250x141.jpg\" class=\"attachment-thumbnail size-thumbnail\" alt=\"\" srcset=\"https:\/\/www.benarabi.org\/wp-content\/uploads\/2023\/06\/Rosa-y-yo-acreditacion-250x141.jpg 250w, https:\/\/www.benarabi.org\/wp-content\/uploads\/2023\/06\/Rosa-y-yo-acreditacion-850x478.jpg 850w, https:\/\/www.benarabi.org\/wp-content\/uploads\/2023\/06\/Rosa-y-yo-acreditacion-1200x675.jpg 1200w, https:\/\/www.benarabi.org\/wp-content\/uploads\/2023\/06\/Rosa-y-yo-acreditacion-768x432.jpg 768w, https:\/\/www.benarabi.org\/wp-content\/uploads\/2023\/06\/Rosa-y-yo-acreditacion-1536x864.jpg 1536w, https:\/\/www.benarabi.org\/wp-content\/uploads\/2023\/06\/Rosa-y-yo-acreditacion-2048x1152.jpg 2048w\" sizes=\"auto, (max-width: 250px) 100vw, 250px\" \/><\/a>\n\t\t\t<\/div><\/figure><figure class='gallery-item'>\n\t\t\t<div class='gallery-icon landscape'>\n\t\t\t\t<a href='https:\/\/www.benarabi.org\/?attachment_id=11009'><img loading=\"lazy\" decoding=\"async\" width=\"250\" height=\"141\" src=\"https:\/\/www.benarabi.org\/wp-content\/uploads\/2023\/06\/1687859995274-250x141.jpg\" class=\"attachment-thumbnail size-thumbnail\" alt=\"\" srcset=\"https:\/\/www.benarabi.org\/wp-content\/uploads\/2023\/06\/1687859995274-250x141.jpg 250w, https:\/\/www.benarabi.org\/wp-content\/uploads\/2023\/06\/1687859995274-850x478.jpg 850w, https:\/\/www.benarabi.org\/wp-content\/uploads\/2023\/06\/1687859995274-1200x675.jpg 1200w, https:\/\/www.benarabi.org\/wp-content\/uploads\/2023\/06\/1687859995274-768x432.jpg 768w, https:\/\/www.benarabi.org\/wp-content\/uploads\/2023\/06\/1687859995274-1536x864.jpg 1536w, https:\/\/www.benarabi.org\/wp-content\/uploads\/2023\/06\/1687859995274-2048x1152.jpg 2048w\" sizes=\"auto, (max-width: 250px) 100vw, 250px\" \/><\/a>\n\t\t\t<\/div><\/figure><figure class='gallery-item'>\n\t\t\t<div class='gallery-icon portrait'>\n\t\t\t\t<a href='https:\/\/www.benarabi.org\/?attachment_id=11010'><img loading=\"lazy\" decoding=\"async\" width=\"250\" height=\"141\" src=\"https:\/\/www.benarabi.org\/wp-content\/uploads\/2023\/06\/1687860259820-250x141.jpg\" class=\"attachment-thumbnail size-thumbnail\" alt=\"\" srcset=\"https:\/\/www.benarabi.org\/wp-content\/uploads\/2023\/06\/1687860259820-250x141.jpg 250w, https:\/\/www.benarabi.org\/wp-content\/uploads\/2023\/06\/1687860259820-850x478.jpg 850w, https:\/\/www.benarabi.org\/wp-content\/uploads\/2023\/06\/1687860259820-1200x675.jpg 1200w\" sizes=\"auto, (max-width: 250px) 100vw, 250px\" \/><\/a>\n\t\t\t<\/div><\/figure><figure class='gallery-item'>\n\t\t\t<div class='gallery-icon portrait'>\n\t\t\t\t<a href='https:\/\/www.benarabi.org\/?attachment_id=11011'><img loading=\"lazy\" decoding=\"async\" width=\"250\" height=\"141\" src=\"https:\/\/www.benarabi.org\/wp-content\/uploads\/2023\/06\/foto-acreditacion-250x141.jpg\" class=\"attachment-thumbnail size-thumbnail\" alt=\"\" srcset=\"https:\/\/www.benarabi.org\/wp-content\/uploads\/2023\/06\/foto-acreditacion-250x141.jpg 250w, https:\/\/www.benarabi.org\/wp-content\/uploads\/2023\/06\/foto-acreditacion-850x478.jpg 850w, https:\/\/www.benarabi.org\/wp-content\/uploads\/2023\/06\/foto-acreditacion-1200x675.jpg 1200w\" sizes=\"auto, (max-width: 250px) 100vw, 250px\" \/><\/a>\n\t\t\t<\/div><\/figure><figure class='gallery-item'>\n\t\t\t<div class='gallery-icon portrait'>\n\t\t\t\t<a href='https:\/\/www.benarabi.org\/?attachment_id=11012'><img loading=\"lazy\" decoding=\"async\" width=\"250\" height=\"141\" src=\"https:\/\/www.benarabi.org\/wp-content\/uploads\/2023\/06\/1687860259857-250x141.jpg\" class=\"attachment-thumbnail size-thumbnail\" alt=\"\" srcset=\"https:\/\/www.benarabi.org\/wp-content\/uploads\/2023\/06\/1687860259857-250x141.jpg 250w, https:\/\/www.benarabi.org\/wp-content\/uploads\/2023\/06\/1687860259857-850x478.jpg 850w, https:\/\/www.benarabi.org\/wp-content\/uploads\/2023\/06\/1687860259857-1200x675.jpg 1200w\" sizes=\"auto, (max-width: 250px) 100vw, 250px\" \/><\/a>\n\t\t\t<\/div><\/figure><figure class='gallery-item'>\n\t\t\t<div class='gallery-icon landscape'>\n\t\t\t\t<a href='https:\/\/www.benarabi.org\/?attachment_id=11013'><img loading=\"lazy\" decoding=\"async\" width=\"250\" height=\"141\" src=\"https:\/\/www.benarabi.org\/wp-content\/uploads\/2023\/06\/1687860208689-250x141.jpg\" class=\"attachment-thumbnail size-thumbnail\" alt=\"\" srcset=\"https:\/\/www.benarabi.org\/wp-content\/uploads\/2023\/06\/1687860208689-250x141.jpg 250w, https:\/\/www.benarabi.org\/wp-content\/uploads\/2023\/06\/1687860208689-850x478.jpg 850w, https:\/\/www.benarabi.org\/wp-content\/uploads\/2023\/06\/1687860208689-1200x675.jpg 1200w\" sizes=\"auto, (max-width: 250px) 100vw, 250px\" \/><\/a>\n\t\t\t<\/div><\/figure>\n\t\t<\/div>\n\n","protected":false},"excerpt":{"rendered":"<p>Participaci\u00f3n en las Jornadas Iniciales Erasmus +\u00a0 El centro, representado por el coordinador Juan Pedro Liarte Belmonte, ha participa en las Jornadas Iniciales Erasmus + que han tenido lugar en Santiago de Compostela durante los d\u00edas 26 y 27 de junio de 2023. Dos jornadas intensas de trabajo donde se han abordado todos los aspectos [&hellip;]<\/p>\n","protected":false},"author":1,"featured_media":0,"comment_status":"closed","ping_status":"open","sticky":false,"template":"","format":"standard","meta":{"footnotes":""},"categories":[1],"tags":[],"class_list":["post-11007","post","type-post","status-publish","format-standard","hentry","category-sin-categoria"],"_links":{"self":[{"href":"https:\/\/www.benarabi.org\/index.php?rest_route=\/wp\/v2\/posts\/11007","targetHints":{"allow":["GET"]}}],"collection":[{"href":"https:\/\/www.benarabi.org\/index.php?rest_route=\/wp\/v2\/posts"}],"about":[{"href":"https:\/\/www.benarabi.org\/index.php?rest_route=\/wp\/v2\/types\/post"}],"author":[{"embeddable":true,"href":"https:\/\/www.benarabi.org\/index.php?rest_route=\/wp\/v2\/users\/1"}],"replies":[{"embeddable":true,"href":"https:\/\/www.benarabi.org\/index.php?rest_route=%2Fwp%2Fv2%2Fcomments&post=11007"}],"version-history":[{"count":2,"href":"https:\/\/www.benarabi.org\/index.php?rest_route=\/wp\/v2\/posts\/11007\/revisions"}],"predecessor-version":[{"id":11015,"href":"https:\/\/www.benarabi.org\/index.php?rest_route=\/wp\/v2\/posts\/11007\/revisions\/11015"}],"wp:attachment":[{"href":"https:\/\/www.benarabi.org\/index.php?rest_route=%2Fwp%2Fv2%2Fmedia&parent=11007"}],"wp:term":[{"taxonomy":"category","embeddable":true,"href":"https:\/\/www.benarabi.org\/index.php?rest_route=%2Fwp%2Fv2%2Fcategories&post=11007"},{"taxonomy":"post_tag","embeddable":true,"href":"https:\/\/www.benarabi.org\/index.php?rest_route=%2Fwp%2Fv2%2Ftags&post=11007"}],"curies":[{"name":"wp","href":"https:\/\/api.w.org\/{rel}","templated":true}]}}