{"id":11075,"date":"2023-09-16T15:36:44","date_gmt":"2023-09-16T13:36:44","guid":{"rendered":"https:\/\/www.benarabi.org\/?p=11075"},"modified":"2023-09-16T15:36:44","modified_gmt":"2023-09-16T13:36:44","slug":"exposicion-cartagena-huellas-de-la-antiguedad","status":"publish","type":"post","link":"https:\/\/www.benarabi.org\/?p=11075","title":{"rendered":"Exposici\u00f3n Cartagena: Huellas de la Antig\u00fcedad"},"content":{"rendered":"<p style=\"text-align: justify;\"><a href=\"https:\/\/www.benarabi.org\/wp-content\/uploads\/2023\/09\/CARTEL-EXPOSICION.jpg\"><img loading=\"lazy\" decoding=\"async\" class=\"wp-image-11077 alignleft\" src=\"https:\/\/www.benarabi.org\/wp-content\/uploads\/2023\/09\/CARTEL-EXPOSICION.jpg\" alt=\"pincha aqu\u00ed\" width=\"150\" height=\"214\" srcset=\"https:\/\/www.benarabi.org\/wp-content\/uploads\/2023\/09\/CARTEL-EXPOSICION.jpg 1122w, https:\/\/www.benarabi.org\/wp-content\/uploads\/2023\/09\/CARTEL-EXPOSICION-768x1095.jpg 768w, https:\/\/www.benarabi.org\/wp-content\/uploads\/2023\/09\/CARTEL-EXPOSICION-1077x1536.jpg 1077w\" sizes=\"auto, (max-width: 150px) 100vw, 150px\" \/><\/a>El s\u00e1bado 16 de septiembre a las 12.00h se inaugura la <strong>Exposici\u00f3n \u201cCartagena: Huellas de la Antig\u00fcedad\u201d en la Real Sociedad Econ\u00f3mica de Amigos del Pa\u00eds<\/strong>, situada en la calle del Aire.<\/p>\n<p style=\"text-align: justify;\">Dicha exposici\u00f3n forma parte del proyecto <strong>Cartagena patrimonio mundial de la UNESCO<\/strong> y se ha incluido dentro del programa de actividades de las <strong>Fiestas de Cartagineses y Romanos<\/strong> de nuestra ciudad.<\/p>\n<p style=\"text-align: justify;\">Han participado los alumnos del <strong>Bachillerato de Artes<\/strong> de nuestro instituto.<\/p>\n<p style=\"text-align: justify;\">Los comisarios de la exposici\u00f3n son los profesores <strong>Joaquina L\u00f3pez y Francisco Franco<\/strong>.<\/p>\n<p style=\"text-align: justify;\">La exposici\u00f3n consiste en la muestra de realizaciones pl\u00e1sticas de alumnos y profesores del IES Ben Arabi, siguiendo la programaci\u00f3n did\u00e1ctica del programa de Artes e inspir\u00e1ndose en frases extra\u00eddas del libro del profesor del instituto Jos\u00e9 Antonio Art\u00e9s, Cartagena y su entorno en las fuentes griegas.<\/p>\n<p style=\"text-align: justify;\">Si quieres ver la <strong>revista<\/strong> completa, <a href=\"https:\/\/drive.google.com\/file\/d\/1qrxQM39LkNyDTIKj5x0JSI_jp1nEsRQN\/view?usp=drive_link\">pincha aqu\u00ed<\/a>.<\/p>\n<p style=\"text-align: justify;\">Si quieres ver el <strong>programa de las Fiestas<\/strong>, <a href=\"https:\/\/www.benarabi.org\/wp-content\/uploads\/2023\/09\/programa-fiestas-2023-WEB.pdf\">pincha aqu\u00ed<\/a>.<\/p>\n<p><!--more-->Bajo el t\u00edtulo Rutas culturales del Mediterr\u00e1neo Antiguo: de Biblos a Cartagena, se est\u00e1 preparando desde diversas instituciones y el impulso de la Fundaci\u00f3n Ars Civilis (que preside la profesora Cristina Guti\u00e9rrez Cortines) una propuesta transnacional para incluir con el concurso de otras ciudades europeas a Cartagena en la Lista del Patrimonio Mundial de la Unesco. Seg\u00fan la UNESCO\u2026una ruta patrimonial se compone de elementos tangibles, cuyo significado cultural procede de intercambios y de un di\u00e1logo multidimensional entre pa\u00edses o regiones, que muestra la interacci\u00f3n del movimiento a lo largo de la ruta, en el espacio y en el tiempo\u2026 El Mar Mediterr\u00e1neo y la cultura del mar, constituyen el eje de la candidatura, que incluye puertos y modelos urbanos, as\u00ed como arquitectura subacu\u00e1tica.<\/p>\n<p>Siendo de gran importancia este proyecto para el futuro pr\u00f3ximo de Cartagena, un grupo de profesores del IES Ben Arab\u00ed hemos considerado que podr\u00eda ser una experiencia muy interesante para nuestros alumnos del Bachillerato de Artes colaborar en dicho proyecto realizando trabajos de car\u00e1cter art\u00edstico relacionados con la cultura y el arte de las ciudades propuestas para dicha catalogaci\u00f3n, poniendo especial \u00e9nfasis en destacar la historia de Cartagena en relaci\u00f3n con esas ciudades y esas culturas.<\/p>\n","protected":false},"excerpt":{"rendered":"<p>El s\u00e1bado 16 de septiembre a las 12.00h se inaugura la Exposici\u00f3n \u201cCartagena: Huellas de la Antig\u00fcedad\u201d en la Real Sociedad Econ\u00f3mica de Amigos del Pa\u00eds, situada en la calle del Aire. Dicha exposici\u00f3n forma parte del proyecto Cartagena patrimonio mundial de la UNESCO y se ha incluido dentro del programa de actividades de las [&hellip;]<\/p>\n","protected":false},"author":1,"featured_media":0,"comment_status":"closed","ping_status":"open","sticky":false,"template":"","format":"standard","meta":{"footnotes":""},"categories":[1],"tags":[],"class_list":["post-11075","post","type-post","status-publish","format-standard","hentry","category-sin-categoria"],"_links":{"self":[{"href":"https:\/\/www.benarabi.org\/index.php?rest_route=\/wp\/v2\/posts\/11075","targetHints":{"allow":["GET"]}}],"collection":[{"href":"https:\/\/www.benarabi.org\/index.php?rest_route=\/wp\/v2\/posts"}],"about":[{"href":"https:\/\/www.benarabi.org\/index.php?rest_route=\/wp\/v2\/types\/post"}],"author":[{"embeddable":true,"href":"https:\/\/www.benarabi.org\/index.php?rest_route=\/wp\/v2\/users\/1"}],"replies":[{"embeddable":true,"href":"https:\/\/www.benarabi.org\/index.php?rest_route=%2Fwp%2Fv2%2Fcomments&post=11075"}],"version-history":[{"count":1,"href":"https:\/\/www.benarabi.org\/index.php?rest_route=\/wp\/v2\/posts\/11075\/revisions"}],"predecessor-version":[{"id":11078,"href":"https:\/\/www.benarabi.org\/index.php?rest_route=\/wp\/v2\/posts\/11075\/revisions\/11078"}],"wp:attachment":[{"href":"https:\/\/www.benarabi.org\/index.php?rest_route=%2Fwp%2Fv2%2Fmedia&parent=11075"}],"wp:term":[{"taxonomy":"category","embeddable":true,"href":"https:\/\/www.benarabi.org\/index.php?rest_route=%2Fwp%2Fv2%2Fcategories&post=11075"},{"taxonomy":"post_tag","embeddable":true,"href":"https:\/\/www.benarabi.org\/index.php?rest_route=%2Fwp%2Fv2%2Ftags&post=11075"}],"curies":[{"name":"wp","href":"https:\/\/api.w.org\/{rel}","templated":true}]}}