{"id":11081,"date":"2023-09-25T11:07:49","date_gmt":"2023-09-25T09:07:49","guid":{"rendered":"https:\/\/www.benarabi.org\/?p=11081"},"modified":"2023-09-25T11:07:49","modified_gmt":"2023-09-25T09:07:49","slug":"preparando-documentacion-para-participar-en-erasmus","status":"publish","type":"post","link":"https:\/\/www.benarabi.org\/?p=11081","title":{"rendered":"Preparando documentaci\u00f3n para participar en Erasmus+"},"content":{"rendered":"<p style=\"text-align: justify;\"><a href=\"https:\/\/www.benarabi.org\/wp-content\/uploads\/2023\/09\/ERASMUS-POSTER-BEN-ARABI.jpg\"><img loading=\"lazy\" decoding=\"async\" class=\"alignleft wp-image-11082\" src=\"https:\/\/www.benarabi.org\/wp-content\/uploads\/2023\/09\/ERASMUS-POSTER-BEN-ARABI.jpg\" alt=\"\" width=\"150\" height=\"212\" srcset=\"https:\/\/www.benarabi.org\/wp-content\/uploads\/2023\/09\/ERASMUS-POSTER-BEN-ARABI.jpg 1587w, https:\/\/www.benarabi.org\/wp-content\/uploads\/2023\/09\/ERASMUS-POSTER-BEN-ARABI-768x1086.jpg 768w, https:\/\/www.benarabi.org\/wp-content\/uploads\/2023\/09\/ERASMUS-POSTER-BEN-ARABI-1086x1536.jpg 1086w, https:\/\/www.benarabi.org\/wp-content\/uploads\/2023\/09\/ERASMUS-POSTER-BEN-ARABI-1448x2048.jpg 1448w\" sizes=\"auto, (max-width: 150px) 100vw, 150px\" \/><\/a>La comisi\u00f3n Erasmus + est\u00e1 preparando las actividades que se van a realizar durante el presente curso. Entre ellas, los criterios de selecci\u00f3n para el alumnado de 1\u00ba de bachillerato que est\u00e9 interesado en participar en las movilidades, en principio, prevista para realizar a final de curso. Cuando est\u00e9n disponibles, se informar\u00e1 a trav\u00e9s de la p\u00e1gina web, correo electr\u00f3nico y redes sociales.<\/p>\n<p style=\"text-align: justify;\">Para difusi\u00f3n dentro del centro, se ha habilitado un tabl\u00f3n de anuncios en el pasillo del bloque azul frente a las aulas de inform\u00e1tica. Servir\u00e1 para presentar la informaci\u00f3n visual que se vaya generando a lo largo del curso.<\/p>\n<p style=\"text-align: justify;\">\n<p style=\"text-align: justify;\">Por otro lado, se est\u00e1 trabajando en los departamentos did\u00e1cticos para configurar las actividades que se ir\u00e1n sucediendo durante el curso en 1\u00ba de bachillerato. Recordamos que las movilidades van dirigidas a este nivel educativo. El resto de niveles podr\u00e1 realizar actividades de internacionalizaci\u00f3n a trav\u00e9s de sus tutores y \u00e1reas de conocimiento. Tambi\u00e9n estamos manteniendo contacto con varios centros de la Uni\u00f3n Europea como posibles socios para las movilidades e intercambio de experiencias.<\/p>\n<p style=\"text-align: justify;\">\n<p style=\"text-align: justify;\">La p\u00e1gina de acceso a toda la informaci\u00f3n est\u00e1 en construcci\u00f3n. En cuanto est\u00e9 disponible se notificar\u00e1.<\/p>\n<p style=\"text-align: justify;\">Por \u00faltimo informar que el convenio fue firmado por Manuel D\u00edaz, Director del centro, el pasado 4 de septiembre, y estamos a la espera de recibir el visto bueno del SEPIE (Servicio Espa\u00f1ol para la Internacionalizaci\u00f3n de la Ense\u00f1anza). En el momento que recibamos de vuelta el convenio firmado, recibiremos los fondos para poder iniciar la organizaci\u00f3n de las movilidades, que recordamos, tienen car\u00e1cter gratuito. Se podr\u00e1n beneficiar un total m\u00e1ximo de 22 alumnos para el curso 23\/24.<\/p>\n","protected":false},"excerpt":{"rendered":"<p>La comisi\u00f3n Erasmus + est\u00e1 preparando las actividades que se van a realizar durante el presente curso. Entre ellas, los criterios de selecci\u00f3n para el alumnado de 1\u00ba de bachillerato que est\u00e9 interesado en participar en las movilidades, en principio, prevista para realizar a final de curso. Cuando est\u00e9n disponibles, se informar\u00e1 a trav\u00e9s de [&hellip;]<\/p>\n","protected":false},"author":1,"featured_media":0,"comment_status":"closed","ping_status":"open","sticky":false,"template":"","format":"standard","meta":{"footnotes":""},"categories":[1],"tags":[],"class_list":["post-11081","post","type-post","status-publish","format-standard","hentry","category-sin-categoria"],"_links":{"self":[{"href":"https:\/\/www.benarabi.org\/index.php?rest_route=\/wp\/v2\/posts\/11081","targetHints":{"allow":["GET"]}}],"collection":[{"href":"https:\/\/www.benarabi.org\/index.php?rest_route=\/wp\/v2\/posts"}],"about":[{"href":"https:\/\/www.benarabi.org\/index.php?rest_route=\/wp\/v2\/types\/post"}],"author":[{"embeddable":true,"href":"https:\/\/www.benarabi.org\/index.php?rest_route=\/wp\/v2\/users\/1"}],"replies":[{"embeddable":true,"href":"https:\/\/www.benarabi.org\/index.php?rest_route=%2Fwp%2Fv2%2Fcomments&post=11081"}],"version-history":[{"count":1,"href":"https:\/\/www.benarabi.org\/index.php?rest_route=\/wp\/v2\/posts\/11081\/revisions"}],"predecessor-version":[{"id":11083,"href":"https:\/\/www.benarabi.org\/index.php?rest_route=\/wp\/v2\/posts\/11081\/revisions\/11083"}],"wp:attachment":[{"href":"https:\/\/www.benarabi.org\/index.php?rest_route=%2Fwp%2Fv2%2Fmedia&parent=11081"}],"wp:term":[{"taxonomy":"category","embeddable":true,"href":"https:\/\/www.benarabi.org\/index.php?rest_route=%2Fwp%2Fv2%2Fcategories&post=11081"},{"taxonomy":"post_tag","embeddable":true,"href":"https:\/\/www.benarabi.org\/index.php?rest_route=%2Fwp%2Fv2%2Ftags&post=11081"}],"curies":[{"name":"wp","href":"https:\/\/api.w.org\/{rel}","templated":true}]}}