{"id":11121,"date":"2023-10-02T09:33:45","date_gmt":"2023-10-02T07:33:45","guid":{"rendered":"https:\/\/www.benarabi.org\/?p=11121"},"modified":"2023-10-02T09:33:45","modified_gmt":"2023-10-02T07:33:45","slug":"enfermera-escolar-curso-23-24","status":"publish","type":"post","link":"https:\/\/www.benarabi.org\/?p=11121","title":{"rendered":"Enfermera Escolar Curso 23-24"},"content":{"rendered":"<p><a href=\"https:\/\/www.benarabi.org\/wp-content\/uploads\/2023\/10\/image.jpg\"><img loading=\"lazy\" decoding=\"async\" class=\"wp-image-11122 alignleft\" src=\"https:\/\/www.benarabi.org\/wp-content\/uploads\/2023\/10\/image.jpg\" alt=\"\" width=\"150\" height=\"84\" srcset=\"https:\/\/www.benarabi.org\/wp-content\/uploads\/2023\/10\/image.jpg 750w, https:\/\/www.benarabi.org\/wp-content\/uploads\/2023\/10\/image-250x141.jpg 250w\" sizes=\"auto, (max-width: 150px) 100vw, 150px\" \/><\/a><\/p>\n<p style=\"text-align: justify;\">Al igual que el curso pasado, contamos con la colaboraci\u00f3n de una enfermera escolar del Centro de Salud de Barrio Peral.<\/p>\n<p style=\"text-align: justify;\">Este curso se incorpora Lorena M. God\u00ednez Manuel que durante los pr\u00f3ximos tres a\u00f1os ser\u00e1 nuestra enfermera escolar de referencia, asignada al Programa de Atenci\u00f3n Comunitaria Escolar para la salud (PACES).<\/p>\n<p style=\"text-align: justify;\">Los subprogramas espec\u00edficos de los que se compone el Programa PACES son los siguientes:<\/p>\n<ul style=\"text-align: justify;\">\n<li><strong>Educaci\u00f3n para la salud en la Escuela<\/strong>: Pretende impulsar conjuntamente entre los profesionales de los EAP y los Centros Educativos programas de intervenci\u00f3n comunitaria destinados a la Promoci\u00f3n de los estilos de vida saludables de los ni\u00f1os\/as y a la Prevenci\u00f3n de los factores de riesgo m\u00e1s prevalentes en la infancia, en colaboraci\u00f3n con la Consejer\u00eda de Educaci\u00f3n, colaborando con los proyectos de Educaci\u00f3n para la salud en la Escuela.<\/li>\n<li><strong>Cuidado del ni\u00f1o\/a con enfermedad cr\u00f3nica<\/strong>: Tiene como objetivo ofrecer de manera programada desde los Centros de Salud cuidados y seguimiento de sus problemas de salud a los ni\u00f1os\/as escolarizados con enfermedades cr\u00f3nicas o enfermedades minoritarias, as\u00ed como ense\u00f1anza de autocuidados, en coordinaci\u00f3n con sus profesionales sanitarios de referencia que indicar\u00e1n las necesidades asistenciales de los alumnos\/as.<\/li>\n<li><strong>Alerta Escolar<\/strong>: Dispositivo de coordinaci\u00f3n entre los centros educativos y la Gerencia de Urgencias y Emergencias (061) que facilitar\u00e1 una intervenci\u00f3n precoz y eficaz ante la posible complicaci\u00f3n de los ni\u00f1os\/as escolarizados con enfermedades cr\u00f3nicas y que puedan presentar una descompensaci\u00f3n.<\/li>\n<\/ul>\n<p style=\"text-align: justify;\">Entre otras actividades se encarga de la formaci\u00f3n a padres, docentes y alumnado de temas relacionados con la salud y prevenci\u00f3n de enfermedad, as\u00ed como las vacunaciones correspondientes incluidas en el calendario vacunal de la Regi\u00f3n de Murcia.<\/p>\n<p style=\"text-align: justify;\">Creemos que es un paso muy importante para que distintos organismos y administraciones trabajemos juntos con el objetivo de conseguir mejorar la salud de los escolares de la Regi\u00f3n de Murcia.<\/p>\n","protected":false},"excerpt":{"rendered":"<p>Al igual que el curso pasado, contamos con la colaboraci\u00f3n de una enfermera escolar del Centro de Salud de Barrio Peral. Este curso se incorpora Lorena M. God\u00ednez Manuel que durante los pr\u00f3ximos tres a\u00f1os ser\u00e1 nuestra enfermera escolar de referencia, asignada al Programa de Atenci\u00f3n Comunitaria Escolar para la salud (PACES). Los subprogramas espec\u00edficos [&hellip;]<\/p>\n","protected":false},"author":1,"featured_media":0,"comment_status":"closed","ping_status":"open","sticky":false,"template":"","format":"standard","meta":{"footnotes":""},"categories":[1],"tags":[],"class_list":["post-11121","post","type-post","status-publish","format-standard","hentry","category-sin-categoria"],"_links":{"self":[{"href":"https:\/\/www.benarabi.org\/index.php?rest_route=\/wp\/v2\/posts\/11121","targetHints":{"allow":["GET"]}}],"collection":[{"href":"https:\/\/www.benarabi.org\/index.php?rest_route=\/wp\/v2\/posts"}],"about":[{"href":"https:\/\/www.benarabi.org\/index.php?rest_route=\/wp\/v2\/types\/post"}],"author":[{"embeddable":true,"href":"https:\/\/www.benarabi.org\/index.php?rest_route=\/wp\/v2\/users\/1"}],"replies":[{"embeddable":true,"href":"https:\/\/www.benarabi.org\/index.php?rest_route=%2Fwp%2Fv2%2Fcomments&post=11121"}],"version-history":[{"count":1,"href":"https:\/\/www.benarabi.org\/index.php?rest_route=\/wp\/v2\/posts\/11121\/revisions"}],"predecessor-version":[{"id":11123,"href":"https:\/\/www.benarabi.org\/index.php?rest_route=\/wp\/v2\/posts\/11121\/revisions\/11123"}],"wp:attachment":[{"href":"https:\/\/www.benarabi.org\/index.php?rest_route=%2Fwp%2Fv2%2Fmedia&parent=11121"}],"wp:term":[{"taxonomy":"category","embeddable":true,"href":"https:\/\/www.benarabi.org\/index.php?rest_route=%2Fwp%2Fv2%2Fcategories&post=11121"},{"taxonomy":"post_tag","embeddable":true,"href":"https:\/\/www.benarabi.org\/index.php?rest_route=%2Fwp%2Fv2%2Ftags&post=11121"}],"curies":[{"name":"wp","href":"https:\/\/api.w.org\/{rel}","templated":true}]}}