{"id":11130,"date":"2023-10-10T09:08:54","date_gmt":"2023-10-10T07:08:54","guid":{"rendered":"https:\/\/www.benarabi.org\/?p=11130"},"modified":"2023-10-10T09:08:54","modified_gmt":"2023-10-10T07:08:54","slug":"reuniones-generales-de-los-tutores-con-los-padres-4","status":"publish","type":"post","link":"https:\/\/www.benarabi.org\/?p=11130","title":{"rendered":"Reuniones Generales de los Tutores con los padres"},"content":{"rendered":"<p><img loading=\"lazy\" decoding=\"async\" class=\"size-full alignleft\" src=\"https:\/\/www.benarabi.org\/wp-content\/uploads\/2018\/10\/xREUNIONES-DE-PADRES-e1571738021122.jpg\" width=\"150\" height=\"144\" \/>Estimadas familias<\/p>\n<p>Les informamos del d\u00eda y hora en la que se celebrar\u00e1n las reuniones generales de los tutores de cada grupo con los padres de sus alumnos.<\/p>\n<p>El objetivo de la reuni\u00f3n es dar informaci\u00f3n completa y detallada sobre todos los aspectos relacionados con el desarrollo del presente curso.<\/p>\n<p>Las reuniones de los tutores de los grupos de 1\u00ba ESO ser\u00e1n <strong>PRESENCIALES<\/strong>, en el instituto, el <strong><u>mi\u00e9rcoles 18 de octubre a las 17.00 horas <\/u><\/strong>en las siguientes aulas:<\/p>\n<p>&nbsp;<\/p>\n<table>\n<tbody>\n<tr>\n<td width=\"58\"><strong>Grupo<\/strong><\/td>\n<td width=\"66\"><strong>Aula<\/strong><\/td>\n<td width=\"170\"><strong>Tutor del grupo<\/strong><\/td>\n<\/tr>\n<tr>\n<td width=\"58\"><strong>E1AF<\/strong><\/td>\n<td width=\"66\"><strong>AMT1<\/strong><\/td>\n<td width=\"170\"><strong>IRENE L\u00d3PEZ MELERO<\/strong><\/td>\n<\/tr>\n<tr>\n<td width=\"58\"><strong>E1BF<\/strong><\/td>\n<td width=\"66\"><strong>AMT2<\/strong><\/td>\n<td width=\"170\"><strong>JOS\u00c9 ANTONIO ARIAS GARC\u00cdA<\/strong><\/td>\n<\/tr>\n<tr>\n<td width=\"58\"><strong>E1C<\/strong><\/td>\n<td width=\"66\"><strong>AMT3<\/strong><\/td>\n<td width=\"170\"><strong>JOSEFA GARC\u00cdA P\u00c9REZ<\/strong><\/td>\n<\/tr>\n<tr>\n<td width=\"58\"><strong>E1D<\/strong><\/td>\n<td width=\"66\"><strong>AMT4<\/strong><\/td>\n<td width=\"170\"><strong>ALEJANDRO CURTIS MART\u00cdNEZ<\/strong><\/td>\n<\/tr>\n<tr>\n<td width=\"58\"><strong>E1E<\/strong><\/td>\n<td width=\"66\"><strong>AGE1<\/strong><\/td>\n<td width=\"170\"><strong>LUC\u00cdA B. ALCARAZ AVIL\u00c9S<\/strong><\/td>\n<\/tr>\n<tr>\n<td width=\"58\"><strong>E1F<\/strong><\/td>\n<td width=\"66\"><strong>AGE2<\/strong><\/td>\n<td width=\"170\"><strong>FRANCISCA GALINDO TOM\u00c1S<\/strong><\/td>\n<\/tr>\n<tr>\n<td width=\"58\"><strong>E1G<\/strong><\/td>\n<td width=\"66\"><strong>AGE3<\/strong><\/td>\n<td width=\"170\"><strong>FLORENTINA CONESA CELDR\u00c1N<\/strong><\/td>\n<\/tr>\n<\/tbody>\n<\/table>\n<p>&nbsp;<\/p>\n<p>Las reuniones del resto de niveles y grupos, se realizar\u00e1n el <strong><u>jueves 19 de octubre<\/u><\/strong> mediante\u00a0<strong>videoconferencia<\/strong>\u00a0a trav\u00e9s de la plataforma\u00a0<strong>MEET.\u00a0<\/strong>Ustedes podr\u00e1n acceder iniciando la sesi\u00f3n con la cuenta de murciaeduca de su hijo\/a.\u00a0 Autom\u00e1ticamente, les aparecer\u00e1 la sesi\u00f3n, previamente programada por Jefatura de estudios, con el nombre de la reuni\u00f3n del grupo de su hijo\/a.<\/p>\n<p>El horario establecido es:<\/p>\n<p>Los grupos de\u00a0<strong>2\u00ba y \u00a03\u00ba ESO<\/strong>\u00a0a las\u00a0<strong>16:30 horas<\/strong><\/p>\n<p><strong>Los<\/strong> grupos de\u00a0<strong>4\u00ba ESO y\u00a0 1\u00ba Bach<\/strong>\u00a0a las\u00a0<strong>17:30 horas<\/strong>.<\/p>\n<p>Los grupos de\u00a0 <strong>2\u00ba Bachillerato<\/strong>\u00a0a las\u00a0<strong>18:30 horas<\/strong>.<\/p>\n<p>&nbsp;<\/p>\n<p>Toda la informaci\u00f3n se quedar\u00e1 disponible en la p\u00e1gina web del centro en el men\u00fa PADRES \u2192INFORMACI\u00d3N PADRES<\/p>\n","protected":false},"excerpt":{"rendered":"<p>Estimadas familias Les informamos del d\u00eda y hora en la que se celebrar\u00e1n las reuniones generales de los tutores de cada grupo con los padres de sus alumnos. El objetivo de la reuni\u00f3n es dar informaci\u00f3n completa y detallada sobre todos los aspectos relacionados con el desarrollo del presente curso. Las reuniones de los tutores [&hellip;]<\/p>\n","protected":false},"author":1,"featured_media":0,"comment_status":"closed","ping_status":"open","sticky":false,"template":"","format":"standard","meta":{"footnotes":""},"categories":[1],"tags":[],"class_list":["post-11130","post","type-post","status-publish","format-standard","hentry","category-sin-categoria"],"_links":{"self":[{"href":"https:\/\/www.benarabi.org\/index.php?rest_route=\/wp\/v2\/posts\/11130","targetHints":{"allow":["GET"]}}],"collection":[{"href":"https:\/\/www.benarabi.org\/index.php?rest_route=\/wp\/v2\/posts"}],"about":[{"href":"https:\/\/www.benarabi.org\/index.php?rest_route=\/wp\/v2\/types\/post"}],"author":[{"embeddable":true,"href":"https:\/\/www.benarabi.org\/index.php?rest_route=\/wp\/v2\/users\/1"}],"replies":[{"embeddable":true,"href":"https:\/\/www.benarabi.org\/index.php?rest_route=%2Fwp%2Fv2%2Fcomments&post=11130"}],"version-history":[{"count":1,"href":"https:\/\/www.benarabi.org\/index.php?rest_route=\/wp\/v2\/posts\/11130\/revisions"}],"predecessor-version":[{"id":11131,"href":"https:\/\/www.benarabi.org\/index.php?rest_route=\/wp\/v2\/posts\/11130\/revisions\/11131"}],"wp:attachment":[{"href":"https:\/\/www.benarabi.org\/index.php?rest_route=%2Fwp%2Fv2%2Fmedia&parent=11130"}],"wp:term":[{"taxonomy":"category","embeddable":true,"href":"https:\/\/www.benarabi.org\/index.php?rest_route=%2Fwp%2Fv2%2Fcategories&post=11130"},{"taxonomy":"post_tag","embeddable":true,"href":"https:\/\/www.benarabi.org\/index.php?rest_route=%2Fwp%2Fv2%2Ftags&post=11130"}],"curies":[{"name":"wp","href":"https:\/\/api.w.org\/{rel}","templated":true}]}}