{"id":11204,"date":"2023-11-07T13:56:53","date_gmt":"2023-11-07T12:56:53","guid":{"rendered":"https:\/\/www.benarabi.org\/?p=11204"},"modified":"2023-11-07T13:56:53","modified_gmt":"2023-11-07T12:56:53","slug":"constitucion-de-la-junta-de-delegados-curso-23-24","status":"publish","type":"post","link":"https:\/\/www.benarabi.org\/?p=11204","title":{"rendered":"Constituci\u00f3n de la Junta de Delegados Curso 23-24"},"content":{"rendered":"<p style=\"text-align: justify;\"><a href=\"https:\/\/www.benarabi.org\/wp-content\/uploads\/2023\/11\/IMAGEN-DELEGADOS.jpg\"><img loading=\"lazy\" decoding=\"async\" class=\"wp-image-11206 alignleft\" src=\"https:\/\/www.benarabi.org\/wp-content\/uploads\/2023\/11\/IMAGEN-DELEGADOS.jpg\" alt=\"\" width=\"150\" height=\"71\" \/><\/a>El pasado martes 31 de octubre qued\u00f3 constituida la\u00a0Junta de delegados\u00a0para el curso\u00a02023-24.\u00a0Est\u00e1 integrada por los delegados\/subdelegados de los distintos grupos y por los representantes de los alumnos en el Consejo Escolar. El Presidente de la misma es el alumno m\u00e1s votado entre los representantes actuales en el Consejo Escolar, Irene Gim\u00e9nez Egea del grupo B2AE, que adem\u00e1s ostentar\u00e1 la representaci\u00f3n de los alumnos en los actos protocolarios en los que se requiera su presencia. El secretario de la Junta es el alumno de menor edad de entre los delegados de 2\u00ba de Bachillerato, Irene Legaz Mart\u00ednez, B21S.<\/p>\n<p style=\"text-align: justify;\">En esta primera reuni\u00f3n, se han tratado temas de gran inter\u00e9s como la planificaci\u00f3n trimestral de ex\u00e1menes, el seguimiento de materias pendientes de cursos anteriores, el proyecto de Presupuestos Participativos y la programaci\u00f3n de las actividades complementarias y extraescolares.<\/p>\n<p style=\"text-align: justify;\">Adem\u00e1s, se ha aprovechado para transmitirles, como delegados\/subdelegados, nuestro agradecimiento por presentarse como representantes de cada grupo, ya que su labor es fundamental.<\/p>\n<p style=\"text-align: justify;\">Si quieres conocer el listado de delegados\/subdelegados, <a href=\"https:\/\/www.benarabi.org\/wp-content\/uploads\/2023\/11\/Listado-de-delegados-y-subdelegados-23-24.pdf\">pincha aqu\u00ed<\/a>.<\/p>\n","protected":false},"excerpt":{"rendered":"<p>El pasado martes 31 de octubre qued\u00f3 constituida la\u00a0Junta de delegados\u00a0para el curso\u00a02023-24.\u00a0Est\u00e1 integrada por los delegados\/subdelegados de los distintos grupos y por los representantes de los alumnos en el Consejo Escolar. El Presidente de la misma es el alumno m\u00e1s votado entre los representantes actuales en el Consejo Escolar, Irene Gim\u00e9nez Egea del grupo [&hellip;]<\/p>\n","protected":false},"author":1,"featured_media":0,"comment_status":"closed","ping_status":"open","sticky":false,"template":"","format":"standard","meta":{"footnotes":""},"categories":[1],"tags":[],"class_list":["post-11204","post","type-post","status-publish","format-standard","hentry","category-sin-categoria"],"_links":{"self":[{"href":"https:\/\/www.benarabi.org\/index.php?rest_route=\/wp\/v2\/posts\/11204","targetHints":{"allow":["GET"]}}],"collection":[{"href":"https:\/\/www.benarabi.org\/index.php?rest_route=\/wp\/v2\/posts"}],"about":[{"href":"https:\/\/www.benarabi.org\/index.php?rest_route=\/wp\/v2\/types\/post"}],"author":[{"embeddable":true,"href":"https:\/\/www.benarabi.org\/index.php?rest_route=\/wp\/v2\/users\/1"}],"replies":[{"embeddable":true,"href":"https:\/\/www.benarabi.org\/index.php?rest_route=%2Fwp%2Fv2%2Fcomments&post=11204"}],"version-history":[{"count":1,"href":"https:\/\/www.benarabi.org\/index.php?rest_route=\/wp\/v2\/posts\/11204\/revisions"}],"predecessor-version":[{"id":11207,"href":"https:\/\/www.benarabi.org\/index.php?rest_route=\/wp\/v2\/posts\/11204\/revisions\/11207"}],"wp:attachment":[{"href":"https:\/\/www.benarabi.org\/index.php?rest_route=%2Fwp%2Fv2%2Fmedia&parent=11204"}],"wp:term":[{"taxonomy":"category","embeddable":true,"href":"https:\/\/www.benarabi.org\/index.php?rest_route=%2Fwp%2Fv2%2Fcategories&post=11204"},{"taxonomy":"post_tag","embeddable":true,"href":"https:\/\/www.benarabi.org\/index.php?rest_route=%2Fwp%2Fv2%2Ftags&post=11204"}],"curies":[{"name":"wp","href":"https:\/\/api.w.org\/{rel}","templated":true}]}}