{"id":11209,"date":"2023-11-10T11:31:12","date_gmt":"2023-11-10T10:31:12","guid":{"rendered":"https:\/\/www.benarabi.org\/?p=11209"},"modified":"2023-11-10T11:31:12","modified_gmt":"2023-11-10T10:31:12","slug":"clases-de-frances-para-padres-de-alumnos-de-la-seccion-bilingue","status":"publish","type":"post","link":"https:\/\/www.benarabi.org\/?p=11209","title":{"rendered":"Clases de Franc\u00e9s para padres de alumnos de la Secci\u00f3n Biling\u00fce"},"content":{"rendered":"<p style=\"text-align: justify;\"><a href=\"https:\/\/www.benarabi.org\/wp-content\/uploads\/2023\/11\/imagen1.png\"><img loading=\"lazy\" decoding=\"async\" class=\"wp-image-11210 alignleft\" src=\"https:\/\/www.benarabi.org\/wp-content\/uploads\/2023\/11\/imagen1.png\" alt=\"\" width=\"150\" height=\"153\" \/><\/a>El\u00a0IES Ben Arabi ofrece la posibilidad de aprender franc\u00e9s a los <strong>padres de los alumnos de la secci\u00f3n biling\u00fce del Instituto.<\/strong><\/p>\n<p style=\"text-align: justify;\">Las clases comenzar\u00e1n el <strong>mi\u00e9rcoles 15 de noviembre<\/strong>, en horario de <strong>17:15 a 18:45h<\/strong>. La encargada de impartir las clases es nuestra auxiliar de conversaci\u00f3n de franc\u00e9s, \u00a0Rahef\u00a0Dridi.<\/p>\n<p style=\"text-align: justify;\">El nivel de las clases ser\u00e1 de iniciaci\u00f3n, se trabajar\u00e1n contenidos de gram\u00e1tica y vocabulario\u00a0 a nivel comunicativo y est\u00e1n enfocadas a todas aquellas personas que quieran aprender un nuevo idioma.<\/p>\n<p style=\"text-align: justify;\">Los objetivos que se persiguen son:<\/p>\n<p style=\"text-align: justify;\">&#8211; Comunicar con franceses.<\/p>\n<p style=\"text-align: justify;\">&#8211; Ayudar a sus hijos en las tareas de las materias ANL y de franc\u00e9s.<\/p>\n<p style=\"text-align: justify;\">&#8211; Comunicar con los franceses del intercambio de 3\u00ba y 4\u00ba de ESO y con sus familias.<\/p>\n<p style=\"text-align: justify;\">&#8211; Practicar el idioma en los viajes.<\/p>\n<p style=\"text-align: justify;\">\n<p style=\"text-align: justify;\">\u00a1Os ANIMAMOS a participar!<\/p>\n","protected":false},"excerpt":{"rendered":"<p>El\u00a0IES Ben Arabi ofrece la posibilidad de aprender franc\u00e9s a los padres de los alumnos de la secci\u00f3n biling\u00fce del Instituto. Las clases comenzar\u00e1n el mi\u00e9rcoles 15 de noviembre, en horario de 17:15 a 18:45h. La encargada de impartir las clases es nuestra auxiliar de conversaci\u00f3n de franc\u00e9s, \u00a0Rahef\u00a0Dridi. El nivel de las clases ser\u00e1 [&hellip;]<\/p>\n","protected":false},"author":1,"featured_media":0,"comment_status":"closed","ping_status":"open","sticky":false,"template":"","format":"standard","meta":{"footnotes":""},"categories":[1],"tags":[],"class_list":["post-11209","post","type-post","status-publish","format-standard","hentry","category-sin-categoria"],"_links":{"self":[{"href":"https:\/\/www.benarabi.org\/index.php?rest_route=\/wp\/v2\/posts\/11209","targetHints":{"allow":["GET"]}}],"collection":[{"href":"https:\/\/www.benarabi.org\/index.php?rest_route=\/wp\/v2\/posts"}],"about":[{"href":"https:\/\/www.benarabi.org\/index.php?rest_route=\/wp\/v2\/types\/post"}],"author":[{"embeddable":true,"href":"https:\/\/www.benarabi.org\/index.php?rest_route=\/wp\/v2\/users\/1"}],"replies":[{"embeddable":true,"href":"https:\/\/www.benarabi.org\/index.php?rest_route=%2Fwp%2Fv2%2Fcomments&post=11209"}],"version-history":[{"count":1,"href":"https:\/\/www.benarabi.org\/index.php?rest_route=\/wp\/v2\/posts\/11209\/revisions"}],"predecessor-version":[{"id":11211,"href":"https:\/\/www.benarabi.org\/index.php?rest_route=\/wp\/v2\/posts\/11209\/revisions\/11211"}],"wp:attachment":[{"href":"https:\/\/www.benarabi.org\/index.php?rest_route=%2Fwp%2Fv2%2Fmedia&parent=11209"}],"wp:term":[{"taxonomy":"category","embeddable":true,"href":"https:\/\/www.benarabi.org\/index.php?rest_route=%2Fwp%2Fv2%2Fcategories&post=11209"},{"taxonomy":"post_tag","embeddable":true,"href":"https:\/\/www.benarabi.org\/index.php?rest_route=%2Fwp%2Fv2%2Ftags&post=11209"}],"curies":[{"name":"wp","href":"https:\/\/api.w.org\/{rel}","templated":true}]}}