{"id":11232,"date":"2023-11-16T10:11:24","date_gmt":"2023-11-16T09:11:24","guid":{"rendered":"https:\/\/www.benarabi.org\/?p=11232"},"modified":"2023-11-16T10:11:24","modified_gmt":"2023-11-16T09:11:24","slug":"todos-los-dias-a-clase","status":"publish","type":"post","link":"https:\/\/www.benarabi.org\/?p=11232","title":{"rendered":"TODOS LOS D\u00cdAS A CLASE"},"content":{"rendered":"<p style=\"text-align: justify;\"><a href=\"https:\/\/www.benarabi.org\/wp-content\/uploads\/2023\/11\/Foto-2-4-scaled.jpg\"><img loading=\"lazy\" decoding=\"async\" class=\"wp-image-11233 alignleft\" src=\"https:\/\/www.benarabi.org\/wp-content\/uploads\/2023\/11\/Foto-2-4-scaled.jpg\" alt=\"\" width=\"150\" height=\"68\" srcset=\"https:\/\/www.benarabi.org\/wp-content\/uploads\/2023\/11\/Foto-2-4-scaled.jpg 2560w, https:\/\/www.benarabi.org\/wp-content\/uploads\/2023\/11\/Foto-2-4-768x345.jpg 768w, https:\/\/www.benarabi.org\/wp-content\/uploads\/2023\/11\/Foto-2-4-1536x691.jpg 1536w, https:\/\/www.benarabi.org\/wp-content\/uploads\/2023\/11\/Foto-2-4-2048x921.jpg 2048w\" sizes=\"auto, (max-width: 150px) 100vw, 150px\" \/><\/a>La semana pasada, Mar\u00eda Jos\u00e9 S\u00e1ez Ot\u00f3n, educadora del Programa Municipal de Absentismo Escolar (PMAE) de la Concejal\u00eda de Educaci\u00f3n de Cartagena, visit\u00f3 nuestro centro para dar charlas de prevenci\u00f3n de absentismo escolar en algunas tutor\u00edas de primero de la ESO.<\/p>\n<p style=\"text-align: justify;\">Nuestros alumnos y alumnas conocieron qu\u00e9 es el absentismo y sus peligrosas consecuencias. Aprendieron que venir a clase es bueno para todos y por eso no hay que venir \u00fanicamente porque haya una ley que nos obligue a hacerlo. Viniendo a clase conseguimos una mayor autonom\u00eda, ampliamos nuestra red de amistades y mejoramos las posibilidades de b\u00fasqueda de un buen empleo en un futuro, entre otras muchas cosas.<\/p>\n<p style=\"text-align: justify;\">La ponente explic\u00f3 que la ley dice que la asistencia\u00a0 a clase es obligatoria hasta los 16 a\u00f1os y que por ello, los colegios, institutos y el ayuntamiento, son responsables de vigilar que esta ley se cumpla.<\/p>\n<p style=\"text-align: justify;\">Otro tema comentado fue qu\u00e9 tipo de faltas son justificables y c\u00f3mo hacerlo, adem\u00e1s de c\u00f3mo se traspasa la informaci\u00f3n entre los responsables del control de absentismo.<\/p>\n<p style=\"text-align: justify;\">Los menores aprovecharon para preguntar cosas como qu\u00e9 pasa si un polic\u00eda te encuentra en la calle en horario escolar o qu\u00e9 responsabilidades econ\u00f3micas y judiciales pueden tener unos padres que permitan la no asistencia reiterada de sus hijos al centro de estudios.<\/p>\n<p style=\"text-align: justify;\">Fueron unas tutor\u00edas con\u00a0 mucha participaci\u00f3n y preguntas por parte de nuestros alumnos y alumnas y acabaron con la entrega de diversos materiales, que trajeron desde la Concejal\u00eda de Educaci\u00f3n, \u00a0para concienciar sobre todo lo hablado.<\/p>\n","protected":false},"excerpt":{"rendered":"<p>La semana pasada, Mar\u00eda Jos\u00e9 S\u00e1ez Ot\u00f3n, educadora del Programa Municipal de Absentismo Escolar (PMAE) de la Concejal\u00eda de Educaci\u00f3n de Cartagena, visit\u00f3 nuestro centro para dar charlas de prevenci\u00f3n de absentismo escolar en algunas tutor\u00edas de primero de la ESO. Nuestros alumnos y alumnas conocieron qu\u00e9 es el absentismo y sus peligrosas consecuencias. Aprendieron [&hellip;]<\/p>\n","protected":false},"author":1,"featured_media":0,"comment_status":"closed","ping_status":"open","sticky":false,"template":"","format":"standard","meta":{"footnotes":""},"categories":[1],"tags":[],"class_list":["post-11232","post","type-post","status-publish","format-standard","hentry","category-sin-categoria"],"_links":{"self":[{"href":"https:\/\/www.benarabi.org\/index.php?rest_route=\/wp\/v2\/posts\/11232","targetHints":{"allow":["GET"]}}],"collection":[{"href":"https:\/\/www.benarabi.org\/index.php?rest_route=\/wp\/v2\/posts"}],"about":[{"href":"https:\/\/www.benarabi.org\/index.php?rest_route=\/wp\/v2\/types\/post"}],"author":[{"embeddable":true,"href":"https:\/\/www.benarabi.org\/index.php?rest_route=\/wp\/v2\/users\/1"}],"replies":[{"embeddable":true,"href":"https:\/\/www.benarabi.org\/index.php?rest_route=%2Fwp%2Fv2%2Fcomments&post=11232"}],"version-history":[{"count":1,"href":"https:\/\/www.benarabi.org\/index.php?rest_route=\/wp\/v2\/posts\/11232\/revisions"}],"predecessor-version":[{"id":11235,"href":"https:\/\/www.benarabi.org\/index.php?rest_route=\/wp\/v2\/posts\/11232\/revisions\/11235"}],"wp:attachment":[{"href":"https:\/\/www.benarabi.org\/index.php?rest_route=%2Fwp%2Fv2%2Fmedia&parent=11232"}],"wp:term":[{"taxonomy":"category","embeddable":true,"href":"https:\/\/www.benarabi.org\/index.php?rest_route=%2Fwp%2Fv2%2Fcategories&post=11232"},{"taxonomy":"post_tag","embeddable":true,"href":"https:\/\/www.benarabi.org\/index.php?rest_route=%2Fwp%2Fv2%2Ftags&post=11232"}],"curies":[{"name":"wp","href":"https:\/\/api.w.org\/{rel}","templated":true}]}}