{"id":11236,"date":"2023-11-16T10:49:28","date_gmt":"2023-11-16T09:49:28","guid":{"rendered":"https:\/\/www.benarabi.org\/?p=11236"},"modified":"2023-11-16T10:49:28","modified_gmt":"2023-11-16T09:49:28","slug":"nuestro-instituto-trabajando-en-red-con-el-resto-de-colectivos-de-barrio-peral","status":"publish","type":"post","link":"https:\/\/www.benarabi.org\/?p=11236","title":{"rendered":"NUESTRO INSTITUTO TRABAJANDO EN RED CON EL RESTO DE COLECTIVOS DE BARRIO PERAL"},"content":{"rendered":"<p><a href=\"https:\/\/www.benarabi.org\/wp-content\/uploads\/2023\/11\/YIMKANA-TOLERANCIA-.jpg\"><img loading=\"lazy\" decoding=\"async\" class=\"wp-image-11238 alignleft\" src=\"https:\/\/www.benarabi.org\/wp-content\/uploads\/2023\/11\/YIMKANA-TOLERANCIA-.jpg\" alt=\"\" width=\"150\" height=\"212\" srcset=\"https:\/\/www.benarabi.org\/wp-content\/uploads\/2023\/11\/YIMKANA-TOLERANCIA-.jpg 1587w, https:\/\/www.benarabi.org\/wp-content\/uploads\/2023\/11\/YIMKANA-TOLERANCIA--768x1086.jpg 768w, https:\/\/www.benarabi.org\/wp-content\/uploads\/2023\/11\/YIMKANA-TOLERANCIA--1086x1536.jpg 1086w, https:\/\/www.benarabi.org\/wp-content\/uploads\/2023\/11\/YIMKANA-TOLERANCIA--1448x2048.jpg 1448w\" sizes=\"auto, (max-width: 150px) 100vw, 150px\" \/><\/a>El IES Ben Arab\u00ed participa en las reuniones de coordinaci\u00f3n sociosanitaria de Barrio Peral, que se llevan a cabo en el local de\u00a0 la Asociaci\u00f3n de Vecinos.<\/p>\n<p>Con esta iniciativa se pretende relacionar a todos los colectivos de la zona: educativos, sanitarios, y de ocio y atenci\u00f3n a necesidades sociales; optimizando los recursos, conociendo las demandas de cada colectivo y difundiendo las ofertas que se generen a toda la comunidad.<\/p>\n<p>En nuestra web se ir\u00e1 actualizando esta informaci\u00f3n cada mes, tras la reuni\u00f3n pertinente, de las cuales ya llevamos dos.<\/p>\n<p>Entre las actividades que se est\u00e1n llevando a cabo por el momento destacamos:<\/p>\n<ul>\n<li><strong>EL HUERTO URBANO: <\/strong>todos los jueves, para j\u00f3venes de 12 a 17 a\u00f1os, en Jose Mar\u00eda de la Puerta. La planificaci\u00f3n de este trimestre ya est\u00e1 hecha y puede verse en el cartel informativo que adjuntamos a esta noticia, as\u00ed como el tel\u00e9fono de contacto para nuevas incorporaciones.<\/li>\n<li><strong>CLASES DE ESPA\u00d1OL PARA EXTRANJEROS:<\/strong> se llevan a cabo en el AULA JOVEN de Barrio Peral por las ma\u00f1anas en dos turnos, seg\u00fan el nivel.<\/li>\n<li><strong>TALLERES DE VECINAS:<\/strong> espacios de uni\u00f3n para mejorar habilidades sociales y cubrir tiempo de ocio en la zona.<\/li>\n<li><strong>ESCUELA DE PARENTALIDAD POSITIVA: <\/strong>se realiza en el Centro de Salud de Barrio Peral para todas aquellas familias de alumnado vulnerable que est\u00e9 trat\u00e1ndose en el Centro de Salud Mental de Cartagena y pertenezcan a la zona de Barrio Peral. Adjuntamos tambi\u00e9n el cartel de esta actividad para los interesados con informaci\u00f3n m\u00e1s detallada.<\/li>\n<li><strong>GRUPO DE APOYO \u201cCUIDANDO AL CUIDADOR\u201d:<\/strong> tambi\u00e9n se lleva a cabo en el Centro de Salud de Barrio Peral, donde se re\u00fanen familiares de personas dependientes que se ayudan y apoyan entre s\u00ed.<\/li>\n<\/ul>\n<p>Toda esta informaci\u00f3n est\u00e1 adjunta en la noticia para que puedan disfrutar de aquellos servicios que m\u00e1s les interesen.<\/p>\n<p>Destacar esta semana una actividad que se desarrollar\u00e1 este <strong>jueves 16 de noviembre<\/strong> en el <strong>Huerto Urbano<\/strong> en colaboraci\u00f3n con la Unidad de Inmigraci\u00f3n del Ayuntamiento de Cartagena, para conmemorar el \u00a0<strong>D\u00eda Internacional de la Tolerancia<\/strong>. Se va a desarrollar una\u00a0<strong>Yimkana<\/strong> con l@s ni\u00f1@s y adolescentes de 16:30 a 18:30, \u00a1os animamos a participar!<\/p>\n<p>Seguiremos informando de los recursos de la zona y en el Departamento de Orientaci\u00f3n del centro pueden dirigirse a Inma Castej\u00f3n, la PSC, para cualquier duda o sugerencia a aportar en la pr\u00f3xima reuni\u00f3n de coordinaci\u00f3n en este mes de noviembre.<\/p>\n<div id='gallery-1' class='gallery galleryid-11236 gallery-columns-6 gallery-size-thumbnail'><figure class='gallery-item'>\n\t\t\t<div class='gallery-icon portrait'>\n\t\t\t\t<a href='https:\/\/www.benarabi.org\/?attachment_id=11242'><img loading=\"lazy\" decoding=\"async\" width=\"250\" height=\"141\" src=\"https:\/\/www.benarabi.org\/wp-content\/uploads\/2023\/11\/CARTEL-ARABE-TALLER-VECINAS-JOSE-MARIA-LAPUERTA-Y-BARRIO-PERAL-OCTUBRE-DICIEMBRE_page-0001-250x141.jpg\" class=\"attachment-thumbnail size-thumbnail\" alt=\"\" srcset=\"https:\/\/www.benarabi.org\/wp-content\/uploads\/2023\/11\/CARTEL-ARABE-TALLER-VECINAS-JOSE-MARIA-LAPUERTA-Y-BARRIO-PERAL-OCTUBRE-DICIEMBRE_page-0001-250x141.jpg 250w, https:\/\/www.benarabi.org\/wp-content\/uploads\/2023\/11\/CARTEL-ARABE-TALLER-VECINAS-JOSE-MARIA-LAPUERTA-Y-BARRIO-PERAL-OCTUBRE-DICIEMBRE_page-0001-850x478.jpg 850w, https:\/\/www.benarabi.org\/wp-content\/uploads\/2023\/11\/CARTEL-ARABE-TALLER-VECINAS-JOSE-MARIA-LAPUERTA-Y-BARRIO-PERAL-OCTUBRE-DICIEMBRE_page-0001-1200x675.jpg 1200w\" sizes=\"auto, (max-width: 250px) 100vw, 250px\" \/><\/a>\n\t\t\t<\/div><\/figure><figure class='gallery-item'>\n\t\t\t<div class='gallery-icon portrait'>\n\t\t\t\t<a href='https:\/\/www.benarabi.org\/?attachment_id=11241'><img loading=\"lazy\" decoding=\"async\" width=\"250\" height=\"141\" src=\"https:\/\/www.benarabi.org\/wp-content\/uploads\/2023\/11\/cartel-taller-para-las-vecinas-jose-maria-lapuerta_page-0001-250x141.jpg\" class=\"attachment-thumbnail size-thumbnail\" alt=\"\" srcset=\"https:\/\/www.benarabi.org\/wp-content\/uploads\/2023\/11\/cartel-taller-para-las-vecinas-jose-maria-lapuerta_page-0001-250x141.jpg 250w, https:\/\/www.benarabi.org\/wp-content\/uploads\/2023\/11\/cartel-taller-para-las-vecinas-jose-maria-lapuerta_page-0001-850x478.jpg 850w, https:\/\/www.benarabi.org\/wp-content\/uploads\/2023\/11\/cartel-taller-para-las-vecinas-jose-maria-lapuerta_page-0001-1200x675.jpg 1200w\" sizes=\"auto, (max-width: 250px) 100vw, 250px\" \/><\/a>\n\t\t\t<\/div><\/figure><figure class='gallery-item'>\n\t\t\t<div class='gallery-icon landscape'>\n\t\t\t\t<a href='https:\/\/www.benarabi.org\/?attachment_id=11240'><img loading=\"lazy\" decoding=\"async\" width=\"250\" height=\"141\" src=\"https:\/\/www.benarabi.org\/wp-content\/uploads\/2023\/11\/cartel-programacion-huerto-juvenil-jose-maria-lapuerta_page-0001-250x141.jpg\" class=\"attachment-thumbnail size-thumbnail\" alt=\"\" srcset=\"https:\/\/www.benarabi.org\/wp-content\/uploads\/2023\/11\/cartel-programacion-huerto-juvenil-jose-maria-lapuerta_page-0001-250x141.jpg 250w, https:\/\/www.benarabi.org\/wp-content\/uploads\/2023\/11\/cartel-programacion-huerto-juvenil-jose-maria-lapuerta_page-0001-850x478.jpg 850w, https:\/\/www.benarabi.org\/wp-content\/uploads\/2023\/11\/cartel-programacion-huerto-juvenil-jose-maria-lapuerta_page-0001-1200x675.jpg 1200w\" sizes=\"auto, (max-width: 250px) 100vw, 250px\" \/><\/a>\n\t\t\t<\/div><\/figure><figure class='gallery-item'>\n\t\t\t<div class='gallery-icon portrait'>\n\t\t\t\t<a href='https:\/\/www.benarabi.org\/?attachment_id=11239'><img loading=\"lazy\" decoding=\"async\" width=\"250\" height=\"141\" src=\"https:\/\/www.benarabi.org\/wp-content\/uploads\/2023\/11\/YIMKANA-TOLERANCIA-UCRANIANO-250x141.jpg\" class=\"attachment-thumbnail size-thumbnail\" alt=\"\" srcset=\"https:\/\/www.benarabi.org\/wp-content\/uploads\/2023\/11\/YIMKANA-TOLERANCIA-UCRANIANO-250x141.jpg 250w, https:\/\/www.benarabi.org\/wp-content\/uploads\/2023\/11\/YIMKANA-TOLERANCIA-UCRANIANO-850x478.jpg 850w, https:\/\/www.benarabi.org\/wp-content\/uploads\/2023\/11\/YIMKANA-TOLERANCIA-UCRANIANO-1200x675.jpg 1200w\" sizes=\"auto, (max-width: 250px) 100vw, 250px\" \/><\/a>\n\t\t\t<\/div><\/figure><figure class='gallery-item'>\n\t\t\t<div class='gallery-icon portrait'>\n\t\t\t\t<a href='https:\/\/www.benarabi.org\/?attachment_id=11238'><img loading=\"lazy\" decoding=\"async\" width=\"250\" height=\"141\" src=\"https:\/\/www.benarabi.org\/wp-content\/uploads\/2023\/11\/YIMKANA-TOLERANCIA--250x141.jpg\" class=\"attachment-thumbnail size-thumbnail\" alt=\"\" srcset=\"https:\/\/www.benarabi.org\/wp-content\/uploads\/2023\/11\/YIMKANA-TOLERANCIA--250x141.jpg 250w, https:\/\/www.benarabi.org\/wp-content\/uploads\/2023\/11\/YIMKANA-TOLERANCIA--850x478.jpg 850w, https:\/\/www.benarabi.org\/wp-content\/uploads\/2023\/11\/YIMKANA-TOLERANCIA--1200x675.jpg 1200w\" sizes=\"auto, (max-width: 250px) 100vw, 250px\" \/><\/a>\n\t\t\t<\/div><\/figure><figure class='gallery-item'>\n\t\t\t<div class='gallery-icon portrait'>\n\t\t\t\t<a href='https:\/\/www.benarabi.org\/?attachment_id=11237'><img loading=\"lazy\" decoding=\"async\" width=\"250\" height=\"141\" src=\"https:\/\/www.benarabi.org\/wp-content\/uploads\/2023\/11\/YIMKANA-TOLERANCIA-ARABE-250x141.jpg\" class=\"attachment-thumbnail size-thumbnail\" alt=\"\" srcset=\"https:\/\/www.benarabi.org\/wp-content\/uploads\/2023\/11\/YIMKANA-TOLERANCIA-ARABE-250x141.jpg 250w, https:\/\/www.benarabi.org\/wp-content\/uploads\/2023\/11\/YIMKANA-TOLERANCIA-ARABE-850x478.jpg 850w, https:\/\/www.benarabi.org\/wp-content\/uploads\/2023\/11\/YIMKANA-TOLERANCIA-ARABE-1200x675.jpg 1200w\" sizes=\"auto, (max-width: 250px) 100vw, 250px\" \/><\/a>\n\t\t\t<\/div><\/figure>\n\t\t<\/div>\n\n","protected":false},"excerpt":{"rendered":"<p>El IES Ben Arab\u00ed participa en las reuniones de coordinaci\u00f3n sociosanitaria de Barrio Peral, que se llevan a cabo en el local de\u00a0 la Asociaci\u00f3n de Vecinos. Con esta iniciativa se pretende relacionar a todos los colectivos de la zona: educativos, sanitarios, y de ocio y atenci\u00f3n a necesidades sociales; optimizando los recursos, conociendo las [&hellip;]<\/p>\n","protected":false},"author":1,"featured_media":0,"comment_status":"closed","ping_status":"open","sticky":false,"template":"","format":"standard","meta":{"footnotes":""},"categories":[1],"tags":[],"class_list":["post-11236","post","type-post","status-publish","format-standard","hentry","category-sin-categoria"],"_links":{"self":[{"href":"https:\/\/www.benarabi.org\/index.php?rest_route=\/wp\/v2\/posts\/11236","targetHints":{"allow":["GET"]}}],"collection":[{"href":"https:\/\/www.benarabi.org\/index.php?rest_route=\/wp\/v2\/posts"}],"about":[{"href":"https:\/\/www.benarabi.org\/index.php?rest_route=\/wp\/v2\/types\/post"}],"author":[{"embeddable":true,"href":"https:\/\/www.benarabi.org\/index.php?rest_route=\/wp\/v2\/users\/1"}],"replies":[{"embeddable":true,"href":"https:\/\/www.benarabi.org\/index.php?rest_route=%2Fwp%2Fv2%2Fcomments&post=11236"}],"version-history":[{"count":1,"href":"https:\/\/www.benarabi.org\/index.php?rest_route=\/wp\/v2\/posts\/11236\/revisions"}],"predecessor-version":[{"id":11243,"href":"https:\/\/www.benarabi.org\/index.php?rest_route=\/wp\/v2\/posts\/11236\/revisions\/11243"}],"wp:attachment":[{"href":"https:\/\/www.benarabi.org\/index.php?rest_route=%2Fwp%2Fv2%2Fmedia&parent=11236"}],"wp:term":[{"taxonomy":"category","embeddable":true,"href":"https:\/\/www.benarabi.org\/index.php?rest_route=%2Fwp%2Fv2%2Fcategories&post=11236"},{"taxonomy":"post_tag","embeddable":true,"href":"https:\/\/www.benarabi.org\/index.php?rest_route=%2Fwp%2Fv2%2Ftags&post=11236"}],"curies":[{"name":"wp","href":"https:\/\/api.w.org\/{rel}","templated":true}]}}