{"id":11328,"date":"2023-11-27T12:46:47","date_gmt":"2023-11-27T11:46:47","guid":{"rendered":"https:\/\/www.benarabi.org\/?p=11328"},"modified":"2023-11-27T12:47:57","modified_gmt":"2023-11-27T11:47:57","slug":"charla-salud-emocional-2","status":"publish","type":"post","link":"https:\/\/www.benarabi.org\/?p=11328","title":{"rendered":"CHARLA SALUD EMOCIONAL"},"content":{"rendered":"<p style=\"text-align: justify;\"><a href=\"https:\/\/www.benarabi.org\/wp-content\/uploads\/2023\/11\/IMG_20231123_102131-1-scaled.jpg\"><img loading=\"lazy\" decoding=\"async\" class=\"wp-image-11331 alignleft\" src=\"https:\/\/www.benarabi.org\/wp-content\/uploads\/2023\/11\/IMG_20231123_102131-1-scaled.jpg\" alt=\"\" width=\"150\" height=\"113\" srcset=\"https:\/\/www.benarabi.org\/wp-content\/uploads\/2023\/11\/IMG_20231123_102131-1-scaled.jpg 2560w, https:\/\/www.benarabi.org\/wp-content\/uploads\/2023\/11\/IMG_20231123_102131-1-768x576.jpg 768w, https:\/\/www.benarabi.org\/wp-content\/uploads\/2023\/11\/IMG_20231123_102131-1-1536x1152.jpg 1536w, https:\/\/www.benarabi.org\/wp-content\/uploads\/2023\/11\/IMG_20231123_102131-1-2048x1536.jpg 2048w\" sizes=\"auto, (max-width: 150px) 100vw, 150px\" \/><\/a>Dentro del proyecto de <strong>Educaci\u00f3n para la Salud<\/strong>: \u201cALIMENTACI\u00d3N Y NUTRICI\u00d3N, ACTIVIDAD F\u00cdSICA Y OCIO ACTIVO EN EL IES. BEN ARAB\u00cd\u201d se ha organizado una charla sobre <strong>salud emocional<\/strong> dise\u00f1ada por Carmen Matr\u00e1n Moreno, <strong>Enfermera Familiar y Comunitaria<\/strong>. CS Barrio Peral y como responsable Lorena God\u00ednez Manuel, <strong>Enfermera Escolar<\/strong>. CS Barrio Peral, los d\u00edas 23, 28 y 29 de noviembre dirigida a los alumnos de 3\u00ba ESO.<\/p>\n<p style=\"text-align: justify;\">En el mes de diciembre tambi\u00e9n la recibir\u00e1n los alumnos de 4\u00ba ESO los d\u00edas 18, 28 y 29. Previo a la charla se ha trabajado en tutor\u00eda una <a href=\"https:\/\/www.benarabi.org\/wp-content\/uploads\/2023\/11\/Las-emociones1-1.pdf\">unidad did\u00e1ctica titulada \u201cLas emociones\u201d<\/a> y los alumnos han pegado en clase un <a href=\"https:\/\/www.benarabi.org\/wp-content\/uploads\/2023\/11\/Cartel-salud-mental-definitivo-1-1.pdf\">cartel que lleva por t\u00edtulo: \u201c\u00bfQu\u00e9 es la salud mental?\u201d<\/a>. La unidad did\u00e1ctica y el cartel, son materiales generados en el proyecto del curso pasado: \u201cPREVENCI\u00d3N DE LA SALUD EMOCIONAL EN EL IES BEN ARAB\u00cd\u201d.<\/p>\n<p style=\"text-align: justify;\"><!--more-->El contenido de la charla es el siguiente:<\/p>\n<ul>\n<li style=\"list-style-type: none;\">\n<ul>\n<li>Relajaci\u00f3n en un minuto. Respiraci\u00f3n consciente diafragm\u00e1tica.<\/li>\n<li>\u00bfQu\u00e9 son las emociones?<\/li>\n<li>La tristeza.<\/li>\n<li>El amor.<\/li>\n<li>Amor familiar<\/li>\n<li>Amor de amistad<\/li>\n<li>Amor rom\u00e1ntico<\/li>\n<li>Amor desinteresado<\/li>\n<li>Amor propio<\/li>\n<li>El miedo<\/li>\n<li>La ansiedad.<\/li>\n<li>Reconocer la ansiedad<\/li>\n<li>Manejo de la ansiedad<\/li>\n<li>La Ira.<\/li>\n<li>Tipos de Ira.<\/li>\n<li>Fases de la Ira<\/li>\n<li>Manejo de la Ira<\/li>\n<li>La relajaci\u00f3n.<\/li>\n<li>Relajaci\u00f3n progresiva de Jacobson.<\/li>\n<\/ul>\n<\/li>\n<\/ul>\n<p>El per\u00edodo de la adolescencia representa un momento oportuno para reducir el riesgo de trastornos emocionales y la mejora el \u00e1mbito social, emocional y cognitivo. La prevenci\u00f3n y promoci\u00f3n del bienestar de los j\u00f3venes tambi\u00e9n tiene un impacto positivo, en el rendimiento acad\u00e9mico, el comportamiento, y la convivencia escolar.<\/p>\n","protected":false},"excerpt":{"rendered":"<p>Dentro del proyecto de Educaci\u00f3n para la Salud: \u201cALIMENTACI\u00d3N Y NUTRICI\u00d3N, ACTIVIDAD F\u00cdSICA Y OCIO ACTIVO EN EL IES. BEN ARAB\u00cd\u201d se ha organizado una charla sobre salud emocional dise\u00f1ada por Carmen Matr\u00e1n Moreno, Enfermera Familiar y Comunitaria. CS Barrio Peral y como responsable Lorena God\u00ednez Manuel, Enfermera Escolar. CS Barrio Peral, los d\u00edas 23, [&hellip;]<\/p>\n","protected":false},"author":1,"featured_media":0,"comment_status":"closed","ping_status":"open","sticky":false,"template":"","format":"standard","meta":{"footnotes":""},"categories":[1],"tags":[],"class_list":["post-11328","post","type-post","status-publish","format-standard","hentry","category-sin-categoria"],"_links":{"self":[{"href":"https:\/\/www.benarabi.org\/index.php?rest_route=\/wp\/v2\/posts\/11328","targetHints":{"allow":["GET"]}}],"collection":[{"href":"https:\/\/www.benarabi.org\/index.php?rest_route=\/wp\/v2\/posts"}],"about":[{"href":"https:\/\/www.benarabi.org\/index.php?rest_route=\/wp\/v2\/types\/post"}],"author":[{"embeddable":true,"href":"https:\/\/www.benarabi.org\/index.php?rest_route=\/wp\/v2\/users\/1"}],"replies":[{"embeddable":true,"href":"https:\/\/www.benarabi.org\/index.php?rest_route=%2Fwp%2Fv2%2Fcomments&post=11328"}],"version-history":[{"count":3,"href":"https:\/\/www.benarabi.org\/index.php?rest_route=\/wp\/v2\/posts\/11328\/revisions"}],"predecessor-version":[{"id":11335,"href":"https:\/\/www.benarabi.org\/index.php?rest_route=\/wp\/v2\/posts\/11328\/revisions\/11335"}],"wp:attachment":[{"href":"https:\/\/www.benarabi.org\/index.php?rest_route=%2Fwp%2Fv2%2Fmedia&parent=11328"}],"wp:term":[{"taxonomy":"category","embeddable":true,"href":"https:\/\/www.benarabi.org\/index.php?rest_route=%2Fwp%2Fv2%2Fcategories&post=11328"},{"taxonomy":"post_tag","embeddable":true,"href":"https:\/\/www.benarabi.org\/index.php?rest_route=%2Fwp%2Fv2%2Ftags&post=11328"}],"curies":[{"name":"wp","href":"https:\/\/api.w.org\/{rel}","templated":true}]}}