{"id":11475,"date":"2023-12-04T12:01:17","date_gmt":"2023-12-04T11:01:17","guid":{"rendered":"https:\/\/www.benarabi.org\/?p=11475"},"modified":"2023-12-04T12:02:40","modified_gmt":"2023-12-04T11:02:40","slug":"publicada-resolucion-provisional-ayudas-individualizadas-al-transporte-curso-2021-2022","status":"publish","type":"post","link":"https:\/\/www.benarabi.org\/?p=11475","title":{"rendered":"Publicada Resoluci\u00f3n provisional ayudas individualizadas al transporte curso 2021-2022"},"content":{"rendered":"<p style=\"text-align: justify;\"><img loading=\"lazy\" decoding=\"async\" class=\"size-full alignleft\" src=\"https:\/\/www.benarabi.org\/wp-content\/uploads\/2020\/06\/ayudas-individualizadas-de-transporte-escolar-para-el-curso-2017-2018-e1592845465566.jpg\" width=\"150\" height=\"148\" \/>Con fecha de 1 de diciembre, se ha publicado en el Tabl\u00f3n de Anuncios\u00a0de la Consejer\u00eda de Educaci\u00f3n, Formaci\u00f3n Profesional y Empleo en\u00a0<a href=\"http:\/\/www.educarm.es\/\" target=\"_blank\" rel=\"noopener\" data-saferedirecturl=\"https:\/\/www.google.com\/url?q=http:\/\/www.educarm.es\/&amp;source=gmail&amp;ust=1701772403370000&amp;usg=AOvVaw3W8CC7FlBK3bOwNvvx1j2y\">www.educarm.es<\/a>, \u00e1rea Informaci\u00f3n al ciudadano, la Resoluci\u00f3n del Director General de centros Educativos e Infraestructuras por la que se le da publicidad a los listados provisionales de las\u00a0\u00a0ayudas individualizada de transportes escolar, curso 2021-2022.<\/p>\n<p style=\"text-align: justify;\"><b><u>Plazo de alegaciones desde el 4 hasta el 19 de diciembre de 2023, ambos inclusive.<\/u><\/b><\/p>\n<p style=\"text-align: justify;\">Pueden consultar los listados <a href=\"http:\/\/servicios.educarm.es\/templates\/portal\/ficheros\/websDinamicas\/45\/Resoluci%20Provisional%20Ayudas%20DG%20C.I%20291959%201-12-23.pdf\">pinchado aqu\u00ed<\/a>.<\/p>\n","protected":false},"excerpt":{"rendered":"<p>Con fecha de 1 de diciembre, se ha publicado en el Tabl\u00f3n de Anuncios\u00a0de la Consejer\u00eda de Educaci\u00f3n, Formaci\u00f3n Profesional y Empleo en\u00a0www.educarm.es, \u00e1rea Informaci\u00f3n al ciudadano, la Resoluci\u00f3n del Director General de centros Educativos e Infraestructuras por la que se le da publicidad a los listados provisionales de las\u00a0\u00a0ayudas individualizada de transportes escolar, curso [&hellip;]<\/p>\n","protected":false},"author":1,"featured_media":0,"comment_status":"closed","ping_status":"open","sticky":false,"template":"","format":"standard","meta":{"footnotes":""},"categories":[1],"tags":[],"class_list":["post-11475","post","type-post","status-publish","format-standard","hentry","category-sin-categoria"],"_links":{"self":[{"href":"https:\/\/www.benarabi.org\/index.php?rest_route=\/wp\/v2\/posts\/11475","targetHints":{"allow":["GET"]}}],"collection":[{"href":"https:\/\/www.benarabi.org\/index.php?rest_route=\/wp\/v2\/posts"}],"about":[{"href":"https:\/\/www.benarabi.org\/index.php?rest_route=\/wp\/v2\/types\/post"}],"author":[{"embeddable":true,"href":"https:\/\/www.benarabi.org\/index.php?rest_route=\/wp\/v2\/users\/1"}],"replies":[{"embeddable":true,"href":"https:\/\/www.benarabi.org\/index.php?rest_route=%2Fwp%2Fv2%2Fcomments&post=11475"}],"version-history":[{"count":4,"href":"https:\/\/www.benarabi.org\/index.php?rest_route=\/wp\/v2\/posts\/11475\/revisions"}],"predecessor-version":[{"id":11479,"href":"https:\/\/www.benarabi.org\/index.php?rest_route=\/wp\/v2\/posts\/11475\/revisions\/11479"}],"wp:attachment":[{"href":"https:\/\/www.benarabi.org\/index.php?rest_route=%2Fwp%2Fv2%2Fmedia&parent=11475"}],"wp:term":[{"taxonomy":"category","embeddable":true,"href":"https:\/\/www.benarabi.org\/index.php?rest_route=%2Fwp%2Fv2%2Fcategories&post=11475"},{"taxonomy":"post_tag","embeddable":true,"href":"https:\/\/www.benarabi.org\/index.php?rest_route=%2Fwp%2Fv2%2Ftags&post=11475"}],"curies":[{"name":"wp","href":"https:\/\/api.w.org\/{rel}","templated":true}]}}