{"id":11511,"date":"2023-12-15T09:39:14","date_gmt":"2023-12-15T08:39:14","guid":{"rendered":"https:\/\/www.benarabi.org\/?p=11511"},"modified":"2023-12-15T09:42:34","modified_gmt":"2023-12-15T08:42:34","slug":"segundo-premio-del-x-concurso-de-carteles-sobre-derechos-humanos","status":"publish","type":"post","link":"https:\/\/www.benarabi.org\/?p=11511","title":{"rendered":"Segundo Premio del X Concurso de carteles sobre Derechos Humanos."},"content":{"rendered":"<p style=\"text-align: justify;\"><a href=\"https:\/\/www.benarabi.org\/wp-content\/uploads\/2023\/12\/IMG-20230702-WA0010.jpg\"><img loading=\"lazy\" decoding=\"async\" class=\"wp-image-11512 alignleft\" src=\"https:\/\/www.benarabi.org\/wp-content\/uploads\/2023\/12\/IMG-20230702-WA0010.jpg\" alt=\"\" width=\"150\" height=\"212\" srcset=\"https:\/\/www.benarabi.org\/wp-content\/uploads\/2023\/12\/IMG-20230702-WA0010.jpg 1131w, https:\/\/www.benarabi.org\/wp-content\/uploads\/2023\/12\/IMG-20230702-WA0010-768x1086.jpg 768w, https:\/\/www.benarabi.org\/wp-content\/uploads\/2023\/12\/IMG-20230702-WA0010-1086x1536.jpg 1086w\" sizes=\"auto, (max-width: 150px) 100vw, 150px\" \/><\/a>Nuestro alumno, Jos\u00e9 Mar\u00eda Gonz\u00e1lez S\u00e1nchez, de Bachillerato de Artes Pl\u00e1sticas (B2AP), ha sido galardonado con el Segundo Premio del X Concurso de Carteles sobre Derechos Humanos, organizado por el IES. Antonio Men\u00e1rguez Costa de Los Alc\u00e1zares.<\/p>\n<p style=\"text-align: justify;\">El cartel presentado trataba sobre el Art\u00edculo 19 de la Declaraci\u00f3n Universal de los Derechos Humanos: Derecho a la Privacidad.<\/p>\n<p style=\"text-align: justify;\">La entrega de premios fue el lunes 11 de diciembre en el IES. Antonio Men\u00e1rguez Costa y acudieron al acto su equipo directivo, los departamentos de Artes Pl\u00e1sticas, Geograf\u00eda e Historia y Filosof\u00eda, la Concejala de Educaci\u00f3n del Ayuntamiento de Los Alc\u00e1zares y dos representantes de Amnist\u00eda Internacional.<\/p>\n<p style=\"text-align: justify;\">\u00a1\u00a1Desde el IES. Ben Arabi\u00a0 le damos la Enhorabuena!!<\/p>\n","protected":false},"excerpt":{"rendered":"<p>Nuestro alumno, Jos\u00e9 Mar\u00eda Gonz\u00e1lez S\u00e1nchez, de Bachillerato de Artes Pl\u00e1sticas (B2AP), ha sido galardonado con el Segundo Premio del X Concurso de Carteles sobre Derechos Humanos, organizado por el IES. Antonio Men\u00e1rguez Costa de Los Alc\u00e1zares. El cartel presentado trataba sobre el Art\u00edculo 19 de la Declaraci\u00f3n Universal de los Derechos Humanos: Derecho a [&hellip;]<\/p>\n","protected":false},"author":1,"featured_media":0,"comment_status":"closed","ping_status":"open","sticky":false,"template":"","format":"standard","meta":{"footnotes":""},"categories":[1],"tags":[],"class_list":["post-11511","post","type-post","status-publish","format-standard","hentry","category-sin-categoria"],"_links":{"self":[{"href":"https:\/\/www.benarabi.org\/index.php?rest_route=\/wp\/v2\/posts\/11511","targetHints":{"allow":["GET"]}}],"collection":[{"href":"https:\/\/www.benarabi.org\/index.php?rest_route=\/wp\/v2\/posts"}],"about":[{"href":"https:\/\/www.benarabi.org\/index.php?rest_route=\/wp\/v2\/types\/post"}],"author":[{"embeddable":true,"href":"https:\/\/www.benarabi.org\/index.php?rest_route=\/wp\/v2\/users\/1"}],"replies":[{"embeddable":true,"href":"https:\/\/www.benarabi.org\/index.php?rest_route=%2Fwp%2Fv2%2Fcomments&post=11511"}],"version-history":[{"count":2,"href":"https:\/\/www.benarabi.org\/index.php?rest_route=\/wp\/v2\/posts\/11511\/revisions"}],"predecessor-version":[{"id":11514,"href":"https:\/\/www.benarabi.org\/index.php?rest_route=\/wp\/v2\/posts\/11511\/revisions\/11514"}],"wp:attachment":[{"href":"https:\/\/www.benarabi.org\/index.php?rest_route=%2Fwp%2Fv2%2Fmedia&parent=11511"}],"wp:term":[{"taxonomy":"category","embeddable":true,"href":"https:\/\/www.benarabi.org\/index.php?rest_route=%2Fwp%2Fv2%2Fcategories&post=11511"},{"taxonomy":"post_tag","embeddable":true,"href":"https:\/\/www.benarabi.org\/index.php?rest_route=%2Fwp%2Fv2%2Ftags&post=11511"}],"curies":[{"name":"wp","href":"https:\/\/api.w.org\/{rel}","templated":true}]}}