{"id":11561,"date":"2023-12-20T10:46:16","date_gmt":"2023-12-20T09:46:16","guid":{"rendered":"https:\/\/www.benarabi.org\/?p=11561"},"modified":"2023-12-20T10:46:45","modified_gmt":"2023-12-20T09:46:45","slug":"ultima-reunion-del-ano-del-equipo-de-coordinacion-sociosanitaria-de-barrio-peral","status":"publish","type":"post","link":"https:\/\/www.benarabi.org\/?p=11561","title":{"rendered":"\u00daLTIMA REUNI\u00d3N DEL A\u00d1O DEL EQUIPO DE COORDINACI\u00d3N SOCIOSANITARIA DE BARRIO PERAL"},"content":{"rendered":"<p style=\"text-align: justify;\"><a href=\"https:\/\/www.benarabi.org\/wp-content\/uploads\/2021\/03\/cropped-Logo-Ben-arabi.png\"><img loading=\"lazy\" decoding=\"async\" class=\"wp-image-8181 alignleft\" src=\"https:\/\/www.benarabi.org\/wp-content\/uploads\/2021\/03\/cropped-Logo-Ben-arabi.png\" alt=\"\" width=\"150\" height=\"150\" srcset=\"https:\/\/www.benarabi.org\/wp-content\/uploads\/2021\/03\/cropped-Logo-Ben-arabi.png 512w, https:\/\/www.benarabi.org\/wp-content\/uploads\/2021\/03\/cropped-Logo-Ben-arabi-270x270.png 270w, https:\/\/www.benarabi.org\/wp-content\/uploads\/2021\/03\/cropped-Logo-Ben-arabi-192x192.png 192w, https:\/\/www.benarabi.org\/wp-content\/uploads\/2021\/03\/cropped-Logo-Ben-arabi-180x180.png 180w, https:\/\/www.benarabi.org\/wp-content\/uploads\/2021\/03\/cropped-Logo-Ben-arabi-32x32.png 32w\" sizes=\"auto, (max-width: 150px) 100vw, 150px\" \/><\/a>El pasado jueves 30 de noviembre, la PSC del instituto, Inma Castej\u00f3n, volvi\u00f3 a participar en las reuniones de Coordinaci\u00f3n Sociosanitaria de Barrio Peral, en el local de\u00a0 la Asociaci\u00f3n de Vecinos del barrio.<\/p>\n<p style=\"text-align: justify;\">En esta ocasi\u00f3n se unieron m\u00e1s colectivos de la zona y se recordaron las actividades que se est\u00e1n desarrollando, entre las que destacamos las siguientes:<\/p>\n<ul style=\"text-align: justify;\">\n<li><strong>EL HUERTO URBANO: <\/strong>todos los jueves, para j\u00f3venes de 12 a 17 a\u00f1os, en Jose Mar\u00eda de la Puerta. Las actividades est\u00e1n planificadas hasta el 21 de diciembre como se puede ver en el cartel adjunto. El tel\u00e9fono de contacto para apuntarse a estas divertidas actividades puede encontrarse tambi\u00e9n en ese cartel. En el D\u00eda de la Tolerancia, el pasado 16 de noviembre, se organiz\u00f3 una Gymkana en la que los j\u00f3venes asistentes disfrutaron mucho.<\/li>\n<li><strong>CLASES DE ESPA\u00d1OL PARA EXTRANJEROS:<\/strong> se llevan a cabo en el AULA JOVEN de Barrio Peral por las ma\u00f1anas en dos turnos, seg\u00fan el nivel: de 09:30 a 11:00 y de 11:30 a 12:30. Si alguien est\u00e1 interesado \u00fanicamente debe presentarse all\u00ed en ese horario para ver posibilidades de incorporaci\u00f3n.<\/li>\n<li><strong>TALLERES DE VECINAS:<\/strong> espacios de uni\u00f3n para mejorar habilidades sociales y cubrir tiempo de ocio para vecinas de Barrio Peral y Jose Mar\u00eda de la Puerta. Se retoman en enero ya que la \u00faltima reuni\u00f3n fue el 8 de diciembre.<\/li>\n<li><strong>ESCUELA DE PARENTALIDAD POSITIVA: <\/strong>se realiza en el Centro de Salud de Barrio Peral para todas aquellas familias de alumnado vulnerable que est\u00e9 trat\u00e1ndose en el Centro de Salud Mental de Cartagena y pertenezcan a la zona de Barrio Peral. El pr\u00f3ximo encuentro ser\u00e1 el 19 de diciembre de 17:00 a 18:30. Recordar que se necesita derivaci\u00f3n de la trabajadora social del centro para poder asistir.<\/li>\n<li><strong>GRUPO DE APOYO \u201cCUIDANDO AL CUIDADOR\u201d:<\/strong> tambi\u00e9n se lleva a cabo en el Centro de Salud de Barrio Peral, tambi\u00e9n precisa de la derivaci\u00f3n de la trabajadora social y consiste en reunir a familiares de personas dependientes para ayudarse y apoyarse entre s\u00ed. La pr\u00f3xima reuni\u00f3n ser\u00e1 el 15 de diciembre de 10:00 a 12:00.<\/li>\n<li><strong>TALLER DE PROCEDIMIENTO EXTRANJER\u00cdA:<\/strong> el martes 19 de diciembre a las 10:00 en el Aula Joven de Barrio Peral. Abierto a toda la poblaci\u00f3n y sin necesidad de inscripci\u00f3n. Impartido por la Unidad de Inmigraci\u00f3n.<\/li>\n<li><strong>EDUCACI\u00d3N MATERNAL:<\/strong> Los viernes de 09:30 a 11:00 en el Centro de Salud de Barrio Peral impartidos por la matrona.<\/li>\n<li><strong>TALLERES POST-PARTO: <\/strong>para mam\u00e1s y beb\u00e9s de 12:30 a 13:30 todos los jueves en el Centro de Salud de Barrio Peral.<\/li>\n<\/ul>\n<p style=\"text-align: justify;\">Seguiremos informando de los recursos de la zona y en el Departamento de Orientaci\u00f3n del centro pueden dirigirse a Inma Castej\u00f3n, la PSC, para cualquier duda o sugerencia a aportar en la pr\u00f3xima reuni\u00f3n de coordinaci\u00f3n a la vuelta de vacaciones.<\/p>\n","protected":false},"excerpt":{"rendered":"<p>El pasado jueves 30 de noviembre, la PSC del instituto, Inma Castej\u00f3n, volvi\u00f3 a participar en las reuniones de Coordinaci\u00f3n Sociosanitaria de Barrio Peral, en el local de\u00a0 la Asociaci\u00f3n de Vecinos del barrio. En esta ocasi\u00f3n se unieron m\u00e1s colectivos de la zona y se recordaron las actividades que se est\u00e1n desarrollando, entre las [&hellip;]<\/p>\n","protected":false},"author":1,"featured_media":0,"comment_status":"closed","ping_status":"open","sticky":false,"template":"","format":"standard","meta":{"footnotes":""},"categories":[1],"tags":[],"class_list":["post-11561","post","type-post","status-publish","format-standard","hentry","category-sin-categoria"],"_links":{"self":[{"href":"https:\/\/www.benarabi.org\/index.php?rest_route=\/wp\/v2\/posts\/11561","targetHints":{"allow":["GET"]}}],"collection":[{"href":"https:\/\/www.benarabi.org\/index.php?rest_route=\/wp\/v2\/posts"}],"about":[{"href":"https:\/\/www.benarabi.org\/index.php?rest_route=\/wp\/v2\/types\/post"}],"author":[{"embeddable":true,"href":"https:\/\/www.benarabi.org\/index.php?rest_route=\/wp\/v2\/users\/1"}],"replies":[{"embeddable":true,"href":"https:\/\/www.benarabi.org\/index.php?rest_route=%2Fwp%2Fv2%2Fcomments&post=11561"}],"version-history":[{"count":2,"href":"https:\/\/www.benarabi.org\/index.php?rest_route=\/wp\/v2\/posts\/11561\/revisions"}],"predecessor-version":[{"id":11563,"href":"https:\/\/www.benarabi.org\/index.php?rest_route=\/wp\/v2\/posts\/11561\/revisions\/11563"}],"wp:attachment":[{"href":"https:\/\/www.benarabi.org\/index.php?rest_route=%2Fwp%2Fv2%2Fmedia&parent=11561"}],"wp:term":[{"taxonomy":"category","embeddable":true,"href":"https:\/\/www.benarabi.org\/index.php?rest_route=%2Fwp%2Fv2%2Fcategories&post=11561"},{"taxonomy":"post_tag","embeddable":true,"href":"https:\/\/www.benarabi.org\/index.php?rest_route=%2Fwp%2Fv2%2Ftags&post=11561"}],"curies":[{"name":"wp","href":"https:\/\/api.w.org\/{rel}","templated":true}]}}