{"id":11650,"date":"2024-01-24T09:29:05","date_gmt":"2024-01-24T08:29:05","guid":{"rendered":"https:\/\/www.benarabi.org\/?p=11650"},"modified":"2024-02-02T09:31:37","modified_gmt":"2024-02-02T08:31:37","slug":"comenzamos-la-xii-semana-cultural-el-movimiento-en-el-ies-ben-arabi","status":"publish","type":"post","link":"https:\/\/www.benarabi.org\/?p=11650","title":{"rendered":"\u00a1\u00a1\u00a1Comenzamos la XII Semana Cultural: \u201cEl Movimiento\u201d en el IES. Ben Arabi!!!"},"content":{"rendered":"<p style=\"text-align: justify;\"><a href=\"https:\/\/www.benarabi.org\/wp-content\/uploads\/2024\/01\/CARTEL-XII-SEMANA-CULTURAL-EL-MOVIMIENTO.jpg\"><img loading=\"lazy\" decoding=\"async\" class=\"wp-image-11651 size-thumbnail alignleft\" src=\"https:\/\/www.benarabi.org\/wp-content\/uploads\/2024\/01\/CARTEL-XII-SEMANA-CULTURAL-EL-MOVIMIENTO-250x141.jpg\" alt=\"\" width=\"250\" height=\"141\" \/><\/a>Del 22 al 26 de enero, se va a celebrar la XII Semana Cultural de nuestro instituto, que este a\u00f1o lleva por t\u00edtulo: \u201cEl Movimiento\u201d.<\/p>\n<p style=\"text-align: justify;\">Durante esta semana, el objetivo fundamental es que nuestros alumnos conozcan y trabajen, a trav\u00e9s de las distintas \u00e1reas del curr\u00edculo, el concepto de movimiento, desde todas sus acepciones. El movimiento se puede entender como cambio, alteraci\u00f3n, transformaci\u00f3n, desplazamiento, actividad, tendencia, corriente, acci\u00f3n, tiempo, propagaci\u00f3n, rebeli\u00f3n,&#8230;<\/p>\n<p style=\"text-align: justify;\">Se va a estudiar el movimiento en el Arte, en los Deportes, en F\u00edsica y Qu\u00edmica (la Cinem\u00e1tica, reacciones qu\u00edmicas,..), en la Tecnolog\u00eda (transmisi\u00f3n del movimiento), en las Matem\u00e1ticas (Geometr\u00eda din\u00e1mica), en la M\u00fasica, en juegos que precisan \u00a0movimientos exactos (ajedrez, cubo de Rubik,&#8230;) as\u00ed como los distintos movimientos literarios, filos\u00f3ficos, geogr\u00e1ficos, geopol\u00edticos, sociales, &#8230;<\/p>\n<p style=\"text-align: justify;\">El viernes 26 de enero, coincidiendo con la Semana Cultural, se celebrar\u00e1 el D\u00eda del Centro, en el que se realizar\u00e1n una gran cantidad de actividades dirigidas a toda la Comunidad educativa.<\/p>\n<p style=\"text-align: justify;\">Os adjuntamos el cartel de la XII Semana Cultural, dise\u00f1ado por el alumno de Bachillerato de Artes, Antonio S\u00e1nchez Velasco.<\/p>\n<p style=\"text-align: justify;\">Os adjuntamos el <a href=\"https:\/\/www.benarabi.org\/wp-content\/uploads\/2024\/01\/Programa-XII-Semana-Cultural-1.pdf\">Programa de la XII Semana Cultural \u00bb El Movimiento\u00bb<\/a>.<\/p>\n<p style=\"text-align: justify;\">Aprovechamos para dar las gracias a todas las asociaciones que van a colaborar durante esta semana: Asociaci\u00f3n Zancadas sobre Ruedas, Centro de Salud de Barrio Peral, Asociaci\u00f3n Isl\u00e1mica de Barrio Peral, Esther Mora (campeona del Mundo del Kettebell), C\u00e1ritas, y por supuesto al AMPA Ben Arab\u00ed.<\/p>\n<p style=\"text-align: justify;\">IES BEN ARABI<\/p>\n","protected":false},"excerpt":{"rendered":"<p>Del 22 al 26 de enero, se va a celebrar la XII Semana Cultural de nuestro instituto, que este a\u00f1o lleva por t\u00edtulo: \u201cEl Movimiento\u201d. Durante esta semana, el objetivo fundamental es que nuestros alumnos conozcan y trabajen, a trav\u00e9s de las distintas \u00e1reas del curr\u00edculo, el concepto de movimiento, desde todas sus acepciones. El [&hellip;]<\/p>\n","protected":false},"author":1,"featured_media":0,"comment_status":"closed","ping_status":"open","sticky":false,"template":"","format":"standard","meta":{"footnotes":""},"categories":[1],"tags":[],"class_list":["post-11650","post","type-post","status-publish","format-standard","hentry","category-sin-categoria"],"_links":{"self":[{"href":"https:\/\/www.benarabi.org\/index.php?rest_route=\/wp\/v2\/posts\/11650","targetHints":{"allow":["GET"]}}],"collection":[{"href":"https:\/\/www.benarabi.org\/index.php?rest_route=\/wp\/v2\/posts"}],"about":[{"href":"https:\/\/www.benarabi.org\/index.php?rest_route=\/wp\/v2\/types\/post"}],"author":[{"embeddable":true,"href":"https:\/\/www.benarabi.org\/index.php?rest_route=\/wp\/v2\/users\/1"}],"replies":[{"embeddable":true,"href":"https:\/\/www.benarabi.org\/index.php?rest_route=%2Fwp%2Fv2%2Fcomments&post=11650"}],"version-history":[{"count":3,"href":"https:\/\/www.benarabi.org\/index.php?rest_route=\/wp\/v2\/posts\/11650\/revisions"}],"predecessor-version":[{"id":11656,"href":"https:\/\/www.benarabi.org\/index.php?rest_route=\/wp\/v2\/posts\/11650\/revisions\/11656"}],"wp:attachment":[{"href":"https:\/\/www.benarabi.org\/index.php?rest_route=%2Fwp%2Fv2%2Fmedia&parent=11650"}],"wp:term":[{"taxonomy":"category","embeddable":true,"href":"https:\/\/www.benarabi.org\/index.php?rest_route=%2Fwp%2Fv2%2Fcategories&post=11650"},{"taxonomy":"post_tag","embeddable":true,"href":"https:\/\/www.benarabi.org\/index.php?rest_route=%2Fwp%2Fv2%2Ftags&post=11650"}],"curies":[{"name":"wp","href":"https:\/\/api.w.org\/{rel}","templated":true}]}}