{"id":11702,"date":"2024-02-06T10:26:03","date_gmt":"2024-02-06T09:26:03","guid":{"rendered":"https:\/\/www.benarabi.org\/?p=11702"},"modified":"2024-02-06T10:31:47","modified_gmt":"2024-02-06T09:31:47","slug":"noticia-erasmus-visitas-preparatorias-erasmus-a-tours-francia-y-reunion-alumnos","status":"publish","type":"post","link":"https:\/\/www.benarabi.org\/?p=11702","title":{"rendered":"Noticia Erasmus: Visitas preparatorias Erasmus+ a Tours ( Francia) y reuni\u00f3n alumnos."},"content":{"rendered":"<div dir=\"auto\">\n<p style=\"text-align: justify;\"><a href=\"https:\/\/www.benarabi.org\/wp-content\/uploads\/2024\/02\/IMG_20240205_144600-scaled.jpg\"><img loading=\"lazy\" decoding=\"async\" class=\"alignleft wp-image-11703\" src=\"https:\/\/www.benarabi.org\/wp-content\/uploads\/2024\/02\/IMG_20240205_144600-250x141.jpg\" alt=\"\" width=\"150\" height=\"200\" srcset=\"https:\/\/www.benarabi.org\/wp-content\/uploads\/2024\/02\/IMG_20240205_144600-768x1024.jpg 768w, https:\/\/www.benarabi.org\/wp-content\/uploads\/2024\/02\/IMG_20240205_144600-1152x1536.jpg 1152w, https:\/\/www.benarabi.org\/wp-content\/uploads\/2024\/02\/IMG_20240205_144600-1536x2048.jpg 1536w, https:\/\/www.benarabi.org\/wp-content\/uploads\/2024\/02\/IMG_20240205_144600-scaled.jpg 1920w\" sizes=\"auto, (max-width: 150px) 100vw, 150px\" \/><\/a>Los primeros alumnos Erasmus+ de la historia del IES Ben Arab\u00ed tuvieron una reuni\u00f3n de coordinaci\u00f3n el pasado viernes 3 de enero con el coordinador del programa, Juan Pedro Liarte y los profesores responsables de la movilidad a Tours ( Francia), que tendr\u00e1 lugar en Abril de este a\u00f1o, Pablo Amante, Cristina Ram\u00edrez , as\u00ed como la jefa de Actividades Complementarias M\u00f3nica Borgo\u00f1\u00f3s.<\/p>\n<p style=\"text-align: justify;\">Un total de 13 alumnos ser\u00e1n los encargados de representar al centro aloj\u00e1ndose en familias de acogida del Instituto Tecnol\u00f3gico\u00a0 de formaci\u00f3n Lyc\u00e9e Vaucasson, durante 14 dias.<\/p>\n<p style=\"text-align: justify;\">Para hacer los emparejamientos con las familias francesas los alumnos han preparado una carta individual de presentaci\u00f3n en espa\u00f1ol y\/o ingl\u00e9s.<\/p>\n<p style=\"text-align: justify;\">Cristina Ram\u00edrez ( profesora de m\u00fasica y responsable de la movilidad), Manuel D\u00edaz ( director del centro) y Juan Pedro Liarte ( coordinador Erasmus+) estar\u00e1n del 5 al 7 de febrero en Tours para asistir a las visitas preparatorias de las movilidades futuras. En este encuentro se pretende conocer al centro y sus responsables, la cuidad y sus servicios, el alumnado y profesores responsables, etc&#8230;Se realizar\u00e1n varias reuniones de coordinaci\u00f3n antes de firmar los acuerdos de aprendizaje pertinentes en tres d\u00edas de trabajo muy intensos.<\/p>\n<p style=\"text-align: justify;\">En el primero conocimos a Jerome Allouis ( Director) del\u00a0Lyc\u00e9e G\u00e9n\u00e9ral et Technologique Jacques de Vaucanson de Tours\u00a0Acad\u00e9mie d\u2019Orl\u00e9ans-Tours\u00a0(France)\u00a0y nuestro director Manuel D\u00edaz Segura del Instituto de Educaci\u00f3n Secundaria Ben Arab\u00ed de Cartagena ( Espa\u00f1a).<\/p>\n<p style=\"text-align: justify;\">Acompa\u00f1ados del coordinador Juan Pedro Liarte y la profesora Cristina Ram\u00edrez hicimos entrega del distintivo m\u00e1s importante del centro, la figura del sargadelos como muestra de nuestro compromiso y agradecimiento por la que puede ser una colaboraci\u00f3n para muchos a\u00f1os.<\/p>\n<p style=\"text-align: justify;\">En esta r\u00e9union se explicaron las caracter\u00edsticas de cada centro, se puso en valor la importancia de internacionalizar ambos establecimientos cooperando entre si, y se sentaron las bases para colaborar en movilidades de alumnos y formaci\u00f3n.<\/p>\n<p style=\"text-align: justify;\">A\u00fan quedan dos d\u00edas de trabajo donde visitaremos el centro, la ciudad y coordinaremos los acuerdos escritos en ambas instituciones con una reuni\u00f3n importante entre los coordinadores Erasmus + Juan Pedro Liarte y St\u00e9phanie Le Gal.<\/p>\n<p style=\"text-align: justify;\">\n<\/div>\n<p style=\"text-align: justify;\">D. Juan Pedro Liarte Belmonte<br \/>\nIES Ben Arabi<\/p>\n","protected":false},"excerpt":{"rendered":"<p>Los primeros alumnos Erasmus+ de la historia del IES Ben Arab\u00ed tuvieron una reuni\u00f3n de coordinaci\u00f3n el pasado viernes 3 de enero con el coordinador del programa, Juan Pedro Liarte y los profesores responsables de la movilidad a Tours ( Francia), que tendr\u00e1 lugar en Abril de este a\u00f1o, Pablo Amante, Cristina Ram\u00edrez , as\u00ed [&hellip;]<\/p>\n","protected":false},"author":1,"featured_media":0,"comment_status":"closed","ping_status":"open","sticky":false,"template":"","format":"standard","meta":{"footnotes":""},"categories":[1],"tags":[],"class_list":["post-11702","post","type-post","status-publish","format-standard","hentry","category-sin-categoria"],"_links":{"self":[{"href":"https:\/\/www.benarabi.org\/index.php?rest_route=\/wp\/v2\/posts\/11702","targetHints":{"allow":["GET"]}}],"collection":[{"href":"https:\/\/www.benarabi.org\/index.php?rest_route=\/wp\/v2\/posts"}],"about":[{"href":"https:\/\/www.benarabi.org\/index.php?rest_route=\/wp\/v2\/types\/post"}],"author":[{"embeddable":true,"href":"https:\/\/www.benarabi.org\/index.php?rest_route=\/wp\/v2\/users\/1"}],"replies":[{"embeddable":true,"href":"https:\/\/www.benarabi.org\/index.php?rest_route=%2Fwp%2Fv2%2Fcomments&post=11702"}],"version-history":[{"count":4,"href":"https:\/\/www.benarabi.org\/index.php?rest_route=\/wp\/v2\/posts\/11702\/revisions"}],"predecessor-version":[{"id":11707,"href":"https:\/\/www.benarabi.org\/index.php?rest_route=\/wp\/v2\/posts\/11702\/revisions\/11707"}],"wp:attachment":[{"href":"https:\/\/www.benarabi.org\/index.php?rest_route=%2Fwp%2Fv2%2Fmedia&parent=11702"}],"wp:term":[{"taxonomy":"category","embeddable":true,"href":"https:\/\/www.benarabi.org\/index.php?rest_route=%2Fwp%2Fv2%2Fcategories&post=11702"},{"taxonomy":"post_tag","embeddable":true,"href":"https:\/\/www.benarabi.org\/index.php?rest_route=%2Fwp%2Fv2%2Ftags&post=11702"}],"curies":[{"name":"wp","href":"https:\/\/api.w.org\/{rel}","templated":true}]}}