{"id":11755,"date":"2024-02-23T09:19:13","date_gmt":"2024-02-23T08:19:13","guid":{"rendered":"https:\/\/www.benarabi.org\/?p=11755"},"modified":"2024-02-23T09:23:44","modified_gmt":"2024-02-23T08:23:44","slug":"vi-certamen-literario-viento-del-pueblo","status":"publish","type":"post","link":"https:\/\/www.benarabi.org\/?p=11755","title":{"rendered":"VI CERTAMEN LITERARIO \u201cVIENTO DEL PUEBLO\u201d"},"content":{"rendered":"<p style=\"text-align: justify;\"><a href=\"https:\/\/www.benarabi.org\/wp-content\/uploads\/2024\/02\/6a-edicion-Viento-del-pueblo-cartel_page-0001.jpg\"><img loading=\"lazy\" decoding=\"async\" class=\"alignleft wp-image-11757\" src=\"https:\/\/www.benarabi.org\/wp-content\/uploads\/2024\/02\/6a-edicion-Viento-del-pueblo-cartel_page-0001.jpg\" alt=\"\" width=\"150\" height=\"212\" srcset=\"https:\/\/www.benarabi.org\/wp-content\/uploads\/2024\/02\/6a-edicion-Viento-del-pueblo-cartel_page-0001.jpg 1754w, https:\/\/www.benarabi.org\/wp-content\/uploads\/2024\/02\/6a-edicion-Viento-del-pueblo-cartel_page-0001-768x1086.jpg 768w, https:\/\/www.benarabi.org\/wp-content\/uploads\/2024\/02\/6a-edicion-Viento-del-pueblo-cartel_page-0001-1086x1536.jpg 1086w, https:\/\/www.benarabi.org\/wp-content\/uploads\/2024\/02\/6a-edicion-Viento-del-pueblo-cartel_page-0001-1448x2048.jpg 1448w\" sizes=\"auto, (max-width: 150px) 100vw, 150px\" \/><\/a>Los IES Mediterr\u00e1neo, Ben Arab\u00ed e Isaac Peral de Cartagena, en colaboraci\u00f3n con la Fundaci\u00f3n Cultural Miguel Hern\u00e1ndez y el Aula que lleva su nombre en esta ciudad, convocan la 6\u00aa edici\u00f3n del certamen literario \u201cViento del pueblo\u201d, para honrar la figura del poeta y mantener vivo su legado para las nuevas generaciones. El concurso se dirige a todos los alumnos que estudian ESO, Bachillerato y FP de Grado B\u00e1sico en la Regi\u00f3n de Murcia, que pueden presentar sus creaciones en dos categor\u00edas:<\/p>\n<ul style=\"text-align: justify;\">\n<li>1\u00ba y 2\u00ba de ESO<\/li>\n<li>3\u00ba Y 4\u00ba de ESO, Bachillerato y FP de Grado B\u00e1sico<\/li>\n<\/ul>\n<p style=\"text-align: justify;\">Los textos pertenecer\u00e1n al g\u00e9nero de la poes\u00eda l\u00edrica, con una extensi\u00f3n entre 14 y 50 versos, y deber\u00e1n contener dos versos originales de Miguel Hern\u00e1ndez introducidos en el discurso po\u00e9tico. Puedes leer detenidamente las bases y conocer el desarrollo del certamen en nuestra <a href=\"https:\/\/sites.google.com\/murciaeduca.es\/v-certamen-literario-viento-de\/p%C3%A1gina-principal\">web<\/a>. Tambi\u00e9n podr\u00e1s seguirnos en X (<a href=\"https:\/\/x.com\/premioVientoPue\/status\/1759720674023571605?s=20\">Twitter<\/a>)<\/p>\n","protected":false},"excerpt":{"rendered":"<p>Los IES Mediterr\u00e1neo, Ben Arab\u00ed e Isaac Peral de Cartagena, en colaboraci\u00f3n con la Fundaci\u00f3n Cultural Miguel Hern\u00e1ndez y el Aula que lleva su nombre en esta ciudad, convocan la 6\u00aa edici\u00f3n del certamen literario \u201cViento del pueblo\u201d, para honrar la figura del poeta y mantener vivo su legado para las nuevas generaciones. El concurso [&hellip;]<\/p>\n","protected":false},"author":1,"featured_media":0,"comment_status":"closed","ping_status":"open","sticky":false,"template":"","format":"standard","meta":{"footnotes":""},"categories":[1],"tags":[],"class_list":["post-11755","post","type-post","status-publish","format-standard","hentry","category-sin-categoria"],"_links":{"self":[{"href":"https:\/\/www.benarabi.org\/index.php?rest_route=\/wp\/v2\/posts\/11755","targetHints":{"allow":["GET"]}}],"collection":[{"href":"https:\/\/www.benarabi.org\/index.php?rest_route=\/wp\/v2\/posts"}],"about":[{"href":"https:\/\/www.benarabi.org\/index.php?rest_route=\/wp\/v2\/types\/post"}],"author":[{"embeddable":true,"href":"https:\/\/www.benarabi.org\/index.php?rest_route=\/wp\/v2\/users\/1"}],"replies":[{"embeddable":true,"href":"https:\/\/www.benarabi.org\/index.php?rest_route=%2Fwp%2Fv2%2Fcomments&post=11755"}],"version-history":[{"count":5,"href":"https:\/\/www.benarabi.org\/index.php?rest_route=\/wp\/v2\/posts\/11755\/revisions"}],"predecessor-version":[{"id":11765,"href":"https:\/\/www.benarabi.org\/index.php?rest_route=\/wp\/v2\/posts\/11755\/revisions\/11765"}],"wp:attachment":[{"href":"https:\/\/www.benarabi.org\/index.php?rest_route=%2Fwp%2Fv2%2Fmedia&parent=11755"}],"wp:term":[{"taxonomy":"category","embeddable":true,"href":"https:\/\/www.benarabi.org\/index.php?rest_route=%2Fwp%2Fv2%2Fcategories&post=11755"},{"taxonomy":"post_tag","embeddable":true,"href":"https:\/\/www.benarabi.org\/index.php?rest_route=%2Fwp%2Fv2%2Ftags&post=11755"}],"curies":[{"name":"wp","href":"https:\/\/api.w.org\/{rel}","templated":true}]}}