{"id":11766,"date":"2024-02-23T10:00:00","date_gmt":"2024-02-23T09:00:00","guid":{"rendered":"https:\/\/www.benarabi.org\/?p=11766"},"modified":"2024-05-29T09:49:25","modified_gmt":"2024-05-29T07:49:25","slug":"admision-del-alumnado-curso-24-25","status":"publish","type":"post","link":"https:\/\/www.benarabi.org\/?p=11766","title":{"rendered":"Admisi\u00f3n del alumnado Curso 24-25"},"content":{"rendered":"<p style=\"text-align: justify;\"><a href=\"https:\/\/www.benarabi.org\/wp-content\/uploads\/2024\/02\/cartel_eso-bach_2024-12.jpg\"><img loading=\"lazy\" decoding=\"async\" class=\"wp-image-11770 alignleft\" src=\"https:\/\/www.benarabi.org\/wp-content\/uploads\/2024\/02\/cartel_eso-bach_2024-12.jpg\" alt=\"\" width=\"150\" height=\"106\" srcset=\"https:\/\/www.benarabi.org\/wp-content\/uploads\/2024\/02\/cartel_eso-bach_2024-12.jpg 1636w, https:\/\/www.benarabi.org\/wp-content\/uploads\/2024\/02\/cartel_eso-bach_2024-12-768x543.jpg 768w, https:\/\/www.benarabi.org\/wp-content\/uploads\/2024\/02\/cartel_eso-bach_2024-12-1536x1086.jpg 1536w\" sizes=\"auto, (max-width: 150px) 100vw, 150px\" \/><\/a>El martes <strong>27 de febrero <\/strong><strong>de 2024\u00a0<\/strong>comienza el Proceso de Admisi\u00f3n Escolar 2024-25. El plazo para la <strong>presentaci\u00f3n de solicitudes<\/strong> comprender\u00e1 <strong>del 27 de febrero al 15 de marzo<\/strong>, ambos inclusive.<\/p>\n<p style=\"text-align: justify;\">Para presentar las solicitudes en el centro, se debe pedir\u00a0<strong>CITA PREVIA<\/strong>, llamando al tel\u00e9fono del instituto (968 31 31 30), a partir del viernes 23 de febrero. (Horario para coger cita: 10:00 a 12:45 h).<\/p>\n<p style=\"text-align: justify;\">Si quieres ver la \u00a0<strong>Resoluci\u00f3n de 20 de febrero de 2024<\/strong>, de la Direcci\u00f3n General de Recursos Humanos, Planificaci\u00f3n Educativa e Innovaci\u00f3n, por la que se dictan\u00a0<strong>instrucciones<\/strong> para el proceso ordinario de escolarizaci\u00f3n de alumnado en centros p\u00fablicos y privados concertados de Educaci\u00f3n Secundaria Obligatoria y Bachillerato en el curso escolar 2024-2025, <a href=\"https:\/\/www.benarabi.org\/wp-content\/uploads\/2024\/02\/2024-896.pdf\">pincha aqu\u00ed<\/a>.<\/p>\n<p style=\"text-align: justify;\">El\u00a0<strong>Criterio Complementario de Centro Escolar<\/strong>\u00a0(CCC) es \u00abSer hijo o hermano de antiguo alumno\u00bb.<\/p>\n<p>Si quieres acceder a la web de Educarm con toda la informaci\u00f3n\u00a0<a href=\"https:\/\/servicios.educarm.es\/admin\/webForm.php?aplicacion=ADA&amp;mode=visualizaAplicacionWeb&amp;web=34&amp;ar=1469&amp;liferay=1&amp;zona=EDUCARM#this\" target=\"_blank\" rel=\"noopener\">pincha aqu\u00ed<\/a>. No obstante, os enlazamos a los siguientes contenidos destacados:<\/p>\n<ul>\n<li><a href=\"https:\/\/planificacion.murciaeduca.es\/docs\/docs_planificacion\/cartel_eso-bach_2024.jpg\" target=\"_blank\" rel=\"noopener\">Infograf\u00eda de fechas<\/a><\/li>\n<li><a href=\"https:\/\/planificacion.murciaeduca.es\/docs\/docs_planificacion\/baremo_esobach.jpg\" target=\"_blank\" rel=\"noopener\">Infograf\u00eda de baremo<\/a><\/li>\n<li><a href=\"https:\/\/sede.carm.es\/documentos\/2214\/solicitud_eso_ordinaria.pdf\">Impreso de solicitud de ESO de fase ordinaria<\/a><\/li>\n<li><a href=\"https:\/\/sede.carm.es\/documentos\/2214\/solicitud_bach_ordinaria.pdf\">Impreso de solicitud de Bachillerato de fase ordinaria<\/a>.<\/li>\n<\/ul>\n<p style=\"text-align: justify;\">Para que puedas conocer nuestro centro hemos preparado la\u00a0<a href=\"https:\/\/view.genial.ly\/621617243758630019d892c5\/guide-copia-presentacion-ies-ben-arabi\"><strong>siguiente presentaci\u00f3n<\/strong><\/a>\u00a0. Tambi\u00e9n se encuentra disponible en el men\u00fa principal de esta web, en \u00abConoce el IES Ben Arabi\u00bb.<\/p>\n<p style=\"text-align: justify;\">El\u00a0<strong>mi\u00e9rcoles 28 de febrero a las 16:30h<\/strong>, a trav\u00e9s de\u00a0<strong>Meet<\/strong>, habr\u00e1 una\u00a0<strong>sesi\u00f3n informativa para las familias<\/strong>\u00a0de colegios adscritos con el onde el Equipo Directivo y las Coordinadores del Programa de Profundizaci\u00f3n en Lenguas extranjeras y Bachibac tratar\u00e1 temas relacionados con la admisi\u00f3n y el funcionamiento del centro.\u00a0<strong>Enlace a la videollamada<\/strong>:\u00a0<a href=\"https:\/\/meet.google.com\/ipy-uxqs-itu\">https:\/\/meet.google.com\/ipy-uxqs-itu<\/a>.<\/p>\n","protected":false},"excerpt":{"rendered":"<p>El martes 27 de febrero de 2024\u00a0comienza el Proceso de Admisi\u00f3n Escolar 2024-25. El plazo para la presentaci\u00f3n de solicitudes comprender\u00e1 del 27 de febrero al 15 de marzo, ambos inclusive. Para presentar las solicitudes en el centro, se debe pedir\u00a0CITA PREVIA, llamando al tel\u00e9fono del instituto (968 31 31 30), a partir del viernes [&hellip;]<\/p>\n","protected":false},"author":1,"featured_media":0,"comment_status":"closed","ping_status":"open","sticky":false,"template":"","format":"standard","meta":{"footnotes":""},"categories":[1],"tags":[],"class_list":["post-11766","post","type-post","status-publish","format-standard","hentry","category-sin-categoria"],"_links":{"self":[{"href":"https:\/\/www.benarabi.org\/index.php?rest_route=\/wp\/v2\/posts\/11766","targetHints":{"allow":["GET"]}}],"collection":[{"href":"https:\/\/www.benarabi.org\/index.php?rest_route=\/wp\/v2\/posts"}],"about":[{"href":"https:\/\/www.benarabi.org\/index.php?rest_route=\/wp\/v2\/types\/post"}],"author":[{"embeddable":true,"href":"https:\/\/www.benarabi.org\/index.php?rest_route=\/wp\/v2\/users\/1"}],"replies":[{"embeddable":true,"href":"https:\/\/www.benarabi.org\/index.php?rest_route=%2Fwp%2Fv2%2Fcomments&post=11766"}],"version-history":[{"count":8,"href":"https:\/\/www.benarabi.org\/index.php?rest_route=\/wp\/v2\/posts\/11766\/revisions"}],"predecessor-version":[{"id":11799,"href":"https:\/\/www.benarabi.org\/index.php?rest_route=\/wp\/v2\/posts\/11766\/revisions\/11799"}],"wp:attachment":[{"href":"https:\/\/www.benarabi.org\/index.php?rest_route=%2Fwp%2Fv2%2Fmedia&parent=11766"}],"wp:term":[{"taxonomy":"category","embeddable":true,"href":"https:\/\/www.benarabi.org\/index.php?rest_route=%2Fwp%2Fv2%2Fcategories&post=11766"},{"taxonomy":"post_tag","embeddable":true,"href":"https:\/\/www.benarabi.org\/index.php?rest_route=%2Fwp%2Fv2%2Ftags&post=11766"}],"curies":[{"name":"wp","href":"https:\/\/api.w.org\/{rel}","templated":true}]}}