{"id":11863,"date":"2024-03-18T12:39:05","date_gmt":"2024-03-18T11:39:05","guid":{"rendered":"https:\/\/www.benarabi.org\/?p=11863"},"modified":"2024-03-18T12:39:05","modified_gmt":"2024-03-18T11:39:05","slug":"nuestra-alumna-lara-hernandez-miralles-obtiene-premio-extraordinario-de-bachillerato-de-la-region","status":"publish","type":"post","link":"https:\/\/www.benarabi.org\/?p=11863","title":{"rendered":"NUESTRA ALUMNA LARA HERN\u00c1NDEZ MIRALLES OBTIENE PREMIO EXTRAORDINARIO DE BACHILLERATO DE LA REGI\u00d3N"},"content":{"rendered":"<p style=\"text-align: justify;\"><a href=\"https:\/\/www.benarabi.org\/wp-content\/uploads\/2024\/03\/IMG_9867-scaled.jpg\"><img loading=\"lazy\" decoding=\"async\" class=\"alignleft wp-image-11864\" src=\"https:\/\/www.benarabi.org\/wp-content\/uploads\/2024\/03\/IMG_9867-scaled.jpg\" alt=\"\" width=\"150\" height=\"113\" srcset=\"https:\/\/www.benarabi.org\/wp-content\/uploads\/2024\/03\/IMG_9867-scaled.jpg 2560w, https:\/\/www.benarabi.org\/wp-content\/uploads\/2024\/03\/IMG_9867-768x576.jpg 768w, https:\/\/www.benarabi.org\/wp-content\/uploads\/2024\/03\/IMG_9867-1536x1152.jpg 1536w, https:\/\/www.benarabi.org\/wp-content\/uploads\/2024\/03\/IMG_9867-2048x1536.jpg 2048w\" sizes=\"auto, (max-width: 150px) 100vw, 150px\" \/><\/a>La Consejer\u00eda de Educaci\u00f3n, Formaci\u00f3n Profesional y Empleo entreg\u00f3 el pasado mi\u00e9rcoles 13 de marzo los Premios Extraordinarios de Educaci\u00f3n Secundaria Obligatoria y Bachillerato, correspondientes al curso 2022-2023, a 24 alumnos.<\/p>\n<p style=\"text-align: justify;\">En Bachillerato han sido premiados 13 alumnos que pertenecen a los institutos Alquibla (La Alberca), La Flota, Aljada (Puente Tocinos), Floridablanca y Nelva-Monteagudo, en Murcia; Ben Arab\u00ed y El Boh\u00edo, en Cartagena; J. Ib\u00e1\u00f1ez Mart\u00edn (Lorca); Infanta Elena (Jumilla); Octavio Carpena Art\u00e9s (Santomera) y Mar Menor (San Javier).<\/p>\n<p style=\"text-align: justify;\">La alumna premiada de nuestro Centro es\u00a0<strong>Lara Hern\u00e1ndez Miralles<\/strong>. Lara se encuentra actualmente realizando un Grado en Estudios de Asia Oriental en la Universidad\u00a0de Salamanca, por ello recogi\u00f3 el premio su padre, Don Francisco Hern\u00e1ndez S\u00e1nchez.<\/p>\n<p style=\"text-align: justify;\">La entrega de las distinciones se celebr\u00f3 en la Escuela Superior de Arte Dram\u00e1tico de Murcia y cont\u00f3 con actuaciones del alumnado del Conservatorio Superior de M\u00fasica de Murcia Manuel Massotti Littel y del Conservatorio de Danza de Murcia Teresa Sou\u00e1n Bernal.<\/p>\n<p style=\"text-align: justify;\">El consejero, V\u00edctor Mar\u00edn, resalt\u00f3 \u201cel esfuerzo, trabajo y dedicaci\u00f3n de estos alumnos que tienen unos expedientes acad\u00e9micos brillantes\u201d; y explic\u00f3 que \u201cestos premios reconocen la trayectoria del alumnado de la Regi\u00f3n y favorecer la excelencia educativa y son muestra de la apuesta del Gobierno regional por una educaci\u00f3n de calidad\u201d<\/p>\n","protected":false},"excerpt":{"rendered":"<p>La Consejer\u00eda de Educaci\u00f3n, Formaci\u00f3n Profesional y Empleo entreg\u00f3 el pasado mi\u00e9rcoles 13 de marzo los Premios Extraordinarios de Educaci\u00f3n Secundaria Obligatoria y Bachillerato, correspondientes al curso 2022-2023, a 24 alumnos. En Bachillerato han sido premiados 13 alumnos que pertenecen a los institutos Alquibla (La Alberca), La Flota, Aljada (Puente Tocinos), Floridablanca y Nelva-Monteagudo, en [&hellip;]<\/p>\n","protected":false},"author":1,"featured_media":0,"comment_status":"closed","ping_status":"open","sticky":false,"template":"","format":"standard","meta":{"footnotes":""},"categories":[1],"tags":[],"class_list":["post-11863","post","type-post","status-publish","format-standard","hentry","category-sin-categoria"],"_links":{"self":[{"href":"https:\/\/www.benarabi.org\/index.php?rest_route=\/wp\/v2\/posts\/11863","targetHints":{"allow":["GET"]}}],"collection":[{"href":"https:\/\/www.benarabi.org\/index.php?rest_route=\/wp\/v2\/posts"}],"about":[{"href":"https:\/\/www.benarabi.org\/index.php?rest_route=\/wp\/v2\/types\/post"}],"author":[{"embeddable":true,"href":"https:\/\/www.benarabi.org\/index.php?rest_route=\/wp\/v2\/users\/1"}],"replies":[{"embeddable":true,"href":"https:\/\/www.benarabi.org\/index.php?rest_route=%2Fwp%2Fv2%2Fcomments&post=11863"}],"version-history":[{"count":1,"href":"https:\/\/www.benarabi.org\/index.php?rest_route=\/wp\/v2\/posts\/11863\/revisions"}],"predecessor-version":[{"id":11865,"href":"https:\/\/www.benarabi.org\/index.php?rest_route=\/wp\/v2\/posts\/11863\/revisions\/11865"}],"wp:attachment":[{"href":"https:\/\/www.benarabi.org\/index.php?rest_route=%2Fwp%2Fv2%2Fmedia&parent=11863"}],"wp:term":[{"taxonomy":"category","embeddable":true,"href":"https:\/\/www.benarabi.org\/index.php?rest_route=%2Fwp%2Fv2%2Fcategories&post=11863"},{"taxonomy":"post_tag","embeddable":true,"href":"https:\/\/www.benarabi.org\/index.php?rest_route=%2Fwp%2Fv2%2Ftags&post=11863"}],"curies":[{"name":"wp","href":"https:\/\/api.w.org\/{rel}","templated":true}]}}