{"id":11888,"date":"2024-04-03T15:41:15","date_gmt":"2024-04-03T13:41:15","guid":{"rendered":"https:\/\/www.benarabi.org\/?p=11888"},"modified":"2024-04-04T09:47:34","modified_gmt":"2024-04-04T07:47:34","slug":"titulo-comienzo-de-las-movilidades-en-grupo-con-alumnos-a-tours-y-palermo-erasmusies-ben-arabi","status":"publish","type":"post","link":"https:\/\/www.benarabi.org\/?p=11888","title":{"rendered":"Comienzo de las movilidades en grupo con alumnos a Tours y Palermo Erasmus+IES Ben Arab\u00ed"},"content":{"rendered":"<p style=\"text-align: justify;\"><a href=\"https:\/\/www.benarabi.org\/wp-content\/uploads\/2024\/04\/foto-todos-alumnos-y-profesores-erasmus.jpg\"><img loading=\"lazy\" decoding=\"async\" class=\"wp-image-11889 alignleft\" src=\"https:\/\/www.benarabi.org\/wp-content\/uploads\/2024\/04\/foto-todos-alumnos-y-profesores-erasmus.jpg\" alt=\"\" width=\"150\" height=\"113\" srcset=\"https:\/\/www.benarabi.org\/wp-content\/uploads\/2024\/04\/foto-todos-alumnos-y-profesores-erasmus.jpg 2048w, https:\/\/www.benarabi.org\/wp-content\/uploads\/2024\/04\/foto-todos-alumnos-y-profesores-erasmus-768x576.jpg 768w, https:\/\/www.benarabi.org\/wp-content\/uploads\/2024\/04\/foto-todos-alumnos-y-profesores-erasmus-1536x1152.jpg 1536w\" sizes=\"auto, (max-width: 150px) 100vw, 150px\" \/><\/a>Despu\u00e9s de mucho trabajo y preparaci\u00f3n ha llegado el d\u00eda. Comienzan las movilidades de alumnos de 1\u00ba de bachillerato Erasmus + del centro seleccionados hace 5 meses. Un total de 18 alumnos y 4 profesores viajar\u00e1n a Europa y permanecer\u00e1n 15 d\u00edas llevando la cultura europea por dos pa\u00edses vecinos: Italia y Francia. Desde el d\u00eda 3 al 16 de abril de 2024.<!--more--><\/p>\n<p style=\"text-align: justify;\">La primera movilidad tendr\u00e1 como destino la bonita ciudad de <strong>Tours (Francia)<\/strong> al Sur de Par\u00eds. Los alumnos se alojar\u00e1n en viviendas de familias cuyos hijos estudian en el centro tecnol\u00f3gico Lyc\u00e9e Jacques de Vaucanson de la localidad. All\u00ed, asistir\u00e1n a clases con sus compa\u00f1eros en diversas \u00e1reas, realizar\u00e1n actividades cient\u00edficas, deportivas, ling\u00fc\u00edsticas y culturales durante la semana. Compartir\u00e1n el d\u00eda a d\u00eda de una familia francesa y durante 14 d\u00edas, ser\u00e1n uno m\u00e1s de su comunidad. Los alumnos que se desplazan en esta primera movilidad son: <strong>Paola Cegarra Molt\u00f3(B11C), Alessandra Lobina Egea(B11S), Lola Antolinos Gonz\u00e1lez (B1AP), Gabriela Oliver Mart\u00ednez(B1AP), Alejandro Tom\u00e1s Rodr\u00edguez (B1AP), Silvia Garc\u00eda Soto (B1CS) Pablo Balsalobre Bout\u00edn(B11S), Candela \u00c1lvarez Mart\u00edn (B11S), Nerea M\u00e1rquez Viveros(B1CS), Paula Esparza Pelegr\u00edn (B11C), Olga Alfonso Gallego (B11S), Noelia Blanco Fern\u00e1ndez (B11C) y Encarnaci\u00f3n Lucas Hern\u00e1ndez (B1AP)<\/strong>. Estos 13 alumnos ir\u00e1n acompa\u00f1ados por los profesores <strong>Cristina Ram\u00edrez Quesada<\/strong> (Dpto. M\u00fasica)<strong> y Pablo Amante S\u00e1nchez <\/strong>(Dpto. de Educaci\u00f3n F\u00edsica).<\/p>\n<p style=\"text-align: justify;\">La segunda movilidad ser\u00e1 a<strong> Palermo (Italia) <\/strong>con el encanto del mediterraneo a su alrededor. Los alumnos se alojar\u00e1n en viviendas de familias de la pen\u00ednsula y realizar\u00e1n actividades de similares caracter\u00edsticas a sus compa\u00f1eros de Tours. El centro que nos recibe es el <strong>ITET Marco Polo<\/strong> de la capital. Los alumnos que se desplazar\u00e1n en esta segunda movilidad ser\u00e1n: <strong>Yaiza Yeste S\u00e1nchez (B11C), Ana Daganzo Guerrero (B1AP), David S\u00e1nchez Rodr\u00edguez (B11S), Mar\u00eda Solano Arana (B11S), y Jos\u00e9 Antonio Acosta Fern\u00e1ndez (B11S).<\/strong> Estos 5 alumnos ir\u00e1n acompa\u00f1ados por los profesores <strong>Alejandro Curtis Mart\u00ednez\u00a0 (Dpto. Geograf\u00eda e Historia) y Laura Rico Ba\u00f1ares\u00a0 (Dpto.<\/strong> Ingl\u00e9s).<\/p>\n<p style=\"text-align: justify;\">Adem\u00e1s, dentro del programa pero, fuera de las movilidades de alumnos,<strong> Inmaculada Castej\u00f3n G\u00f3mez<\/strong> (Profesora de Servicios a la Comunidad) aprovechar\u00e1 el desplazamiento a Tours (Francia) para realizar un jobshadowing (aprendizaje por observaci\u00f3n) durante 6 d\u00edas. Se desplazar\u00e1 a la ida con el grupo de Tours pero volver\u00e1 antes, concretamente el d\u00eda 9 de abril. En estos 6 d\u00edas aprender\u00e1 c\u00f3mo trabajan en Francia con un proyecto pionero llamado La Salle Bleue ( La Habitaci\u00f3n Azul). En visita guiada e intervenci\u00f3n directa en terapias, va a aprender c\u00f3mo trabajan con alumnos con problemas psicof\u00edsicos de estr\u00e9s, ansiedad, autolisis, etc\u2026. un proyecto que pretendemos importar a nuestro centro para cumplir con uno de nuestros objetivos Erasmus+ relacionado con el aprendizaje de nuevos m\u00e9todos y t\u00e9cnicas de trabajo.<\/p>\n<p style=\"text-align: justify;\">Esperemos que disfruten de su estancia y aprendizaje por Europa, que, a su vuelta, transmitir\u00e1n al resto de la comunidad educativa del centro.<\/p>\n<p style=\"text-align: right;\">Redacci\u00f3n: Juan Pedro Liarte Belmonte<\/p>\n<p style=\"text-align: right;\">Coordinador Erasmus +<\/p>\n<p style=\"text-align: right;\">IES Ben Arabi<\/p>\n","protected":false},"excerpt":{"rendered":"<p>Despu\u00e9s de mucho trabajo y preparaci\u00f3n ha llegado el d\u00eda. Comienzan las movilidades de alumnos de 1\u00ba de bachillerato Erasmus + del centro seleccionados hace 5 meses. Un total de 18 alumnos y 4 profesores viajar\u00e1n a Europa y permanecer\u00e1n 15 d\u00edas llevando la cultura europea por dos pa\u00edses vecinos: Italia y Francia. Desde el [&hellip;]<\/p>\n","protected":false},"author":1,"featured_media":0,"comment_status":"closed","ping_status":"open","sticky":false,"template":"","format":"standard","meta":{"footnotes":""},"categories":[1],"tags":[],"class_list":["post-11888","post","type-post","status-publish","format-standard","hentry","category-sin-categoria"],"_links":{"self":[{"href":"https:\/\/www.benarabi.org\/index.php?rest_route=\/wp\/v2\/posts\/11888","targetHints":{"allow":["GET"]}}],"collection":[{"href":"https:\/\/www.benarabi.org\/index.php?rest_route=\/wp\/v2\/posts"}],"about":[{"href":"https:\/\/www.benarabi.org\/index.php?rest_route=\/wp\/v2\/types\/post"}],"author":[{"embeddable":true,"href":"https:\/\/www.benarabi.org\/index.php?rest_route=\/wp\/v2\/users\/1"}],"replies":[{"embeddable":true,"href":"https:\/\/www.benarabi.org\/index.php?rest_route=%2Fwp%2Fv2%2Fcomments&post=11888"}],"version-history":[{"count":5,"href":"https:\/\/www.benarabi.org\/index.php?rest_route=\/wp\/v2\/posts\/11888\/revisions"}],"predecessor-version":[{"id":11904,"href":"https:\/\/www.benarabi.org\/index.php?rest_route=\/wp\/v2\/posts\/11888\/revisions\/11904"}],"wp:attachment":[{"href":"https:\/\/www.benarabi.org\/index.php?rest_route=%2Fwp%2Fv2%2Fmedia&parent=11888"}],"wp:term":[{"taxonomy":"category","embeddable":true,"href":"https:\/\/www.benarabi.org\/index.php?rest_route=%2Fwp%2Fv2%2Fcategories&post=11888"},{"taxonomy":"post_tag","embeddable":true,"href":"https:\/\/www.benarabi.org\/index.php?rest_route=%2Fwp%2Fv2%2Ftags&post=11888"}],"curies":[{"name":"wp","href":"https:\/\/api.w.org\/{rel}","templated":true}]}}