{"id":12033,"date":"2024-05-08T09:46:18","date_gmt":"2024-05-08T07:46:18","guid":{"rendered":"https:\/\/www.benarabi.org\/?p=12033"},"modified":"2024-05-08T09:46:18","modified_gmt":"2024-05-08T07:46:18","slug":"encuentro-de-los-alumnos-de-artes-con-el-escultor-jaume-plensa","status":"publish","type":"post","link":"https:\/\/www.benarabi.org\/?p=12033","title":{"rendered":"ENCUENTRO DE LOS ALUMNOS DE ARTES CON EL ESCULTOR JAUME PLENSA."},"content":{"rendered":"<p style=\"text-align: justify;\"><a href=\"https:\/\/www.benarabi.org\/wp-content\/uploads\/2024\/05\/Sin-titulo.jpg\"><img loading=\"lazy\" decoding=\"async\" class=\"wp-image-12034 alignleft\" src=\"https:\/\/www.benarabi.org\/wp-content\/uploads\/2024\/05\/Sin-titulo.jpg\" alt=\"\" width=\"150\" height=\"103\" \/><\/a>El pasado d\u00eda 25 de abril, los alumnos que cursan Bachiller Art\u00edstico, asistieron a la presentaci\u00f3n del cartel anunciador del LXIII CANTE INTERNACIONAL DE LAS MINAS de La Uni\u00f3n.<\/p>\n<p style=\"text-align: justify;\">En esta edici\u00f3n, la obra gr\u00e1fica, ha corrido a cargo del que es sin duda el mejor escultor del siglo XXI a nivel mundial, Jaume Plensa. Con gran humildad y generosidad, el artista dedic\u00f3 unos minutos en privado a nuestros alumnos, a los que no dud\u00f3 en explicar, tanto la t\u00e9cnica como el proceso de creaci\u00f3n de su obra. Comparti\u00f3 con ellos valios\u00edsimos consejos para su futuro art\u00edstico y respondi\u00f3 a todas las dudas que se le plantearon.<\/p>\n<p style=\"text-align: justify;\">La Asamblea Regional fu\u00e9 el lugar elegido para dar el pistoletazo de salida a este festival, donde acudieron numerosas autoridades: D\u00f1a Visitaci\u00f3n Mart\u00ednez, Presidenta de la Asamblea Regional, D. Joaqu\u00edn Zapata, Alcalde de La Uni\u00f3n y presidente de la Fundaci\u00f3n Cante de las Minas, entre otros ilustres invitados al acto.<\/p>\n<p style=\"text-align: justify;\">A este \u00faltimo en especial, queremos transmitir nuestro m\u00e1s profundo agradecimiento por la oportunidad, que de forma totalmente desinteresada, ha dado a los alumnos del IES Ben Arab\u00ed, de ampliar sus conocimientos y experiencias de vida.<\/p>\n<p style=\"text-align: justify;\">Tambi\u00e9n queremos agradecer, a todo el personal de la Asamblea Regional y asistentes al acto, el cari\u00f1o y el inter\u00e9s mostrados hacia nuestros alumnos en la jornada de ayer.<\/p>\n<p style=\"text-align: justify;\">Todos ellos hicieron posible una jornada dif\u00edcil de olvidar para esta comunidad educativa, y que seguro ha contribuido en la formaci\u00f3n integral de nuestros futuros artistas.<\/p>\n<p>Os dejamos un enlace a la noticia publicada en <a href=\"https:\/\/www.launiondehoy.com\/index.php\/flamenco\/31099-la-presentacion-del-cartel-mas-flamenco-en-la-mirada-de-jayam\" target=\"_blank\" rel=\"noopener\">prensa digital<\/a>.<\/p>\n","protected":false},"excerpt":{"rendered":"<p>El pasado d\u00eda 25 de abril, los alumnos que cursan Bachiller Art\u00edstico, asistieron a la presentaci\u00f3n del cartel anunciador del LXIII CANTE INTERNACIONAL DE LAS MINAS de La Uni\u00f3n. En esta edici\u00f3n, la obra gr\u00e1fica, ha corrido a cargo del que es sin duda el mejor escultor del siglo XXI a nivel mundial, Jaume Plensa. [&hellip;]<\/p>\n","protected":false},"author":1,"featured_media":0,"comment_status":"closed","ping_status":"open","sticky":false,"template":"","format":"standard","meta":{"footnotes":""},"categories":[1],"tags":[],"class_list":["post-12033","post","type-post","status-publish","format-standard","hentry","category-sin-categoria"],"_links":{"self":[{"href":"https:\/\/www.benarabi.org\/index.php?rest_route=\/wp\/v2\/posts\/12033","targetHints":{"allow":["GET"]}}],"collection":[{"href":"https:\/\/www.benarabi.org\/index.php?rest_route=\/wp\/v2\/posts"}],"about":[{"href":"https:\/\/www.benarabi.org\/index.php?rest_route=\/wp\/v2\/types\/post"}],"author":[{"embeddable":true,"href":"https:\/\/www.benarabi.org\/index.php?rest_route=\/wp\/v2\/users\/1"}],"replies":[{"embeddable":true,"href":"https:\/\/www.benarabi.org\/index.php?rest_route=%2Fwp%2Fv2%2Fcomments&post=12033"}],"version-history":[{"count":1,"href":"https:\/\/www.benarabi.org\/index.php?rest_route=\/wp\/v2\/posts\/12033\/revisions"}],"predecessor-version":[{"id":12035,"href":"https:\/\/www.benarabi.org\/index.php?rest_route=\/wp\/v2\/posts\/12033\/revisions\/12035"}],"wp:attachment":[{"href":"https:\/\/www.benarabi.org\/index.php?rest_route=%2Fwp%2Fv2%2Fmedia&parent=12033"}],"wp:term":[{"taxonomy":"category","embeddable":true,"href":"https:\/\/www.benarabi.org\/index.php?rest_route=%2Fwp%2Fv2%2Fcategories&post=12033"},{"taxonomy":"post_tag","embeddable":true,"href":"https:\/\/www.benarabi.org\/index.php?rest_route=%2Fwp%2Fv2%2Ftags&post=12033"}],"curies":[{"name":"wp","href":"https:\/\/api.w.org\/{rel}","templated":true}]}}