{"id":12057,"date":"2024-05-13T11:36:59","date_gmt":"2024-05-13T09:36:59","guid":{"rendered":"https:\/\/www.benarabi.org\/?p=12057"},"modified":"2024-05-13T11:36:59","modified_gmt":"2024-05-13T09:36:59","slug":"olimpiada-matematica-regional","status":"publish","type":"post","link":"https:\/\/www.benarabi.org\/?p=12057","title":{"rendered":"Olimpiada Matem\u00e1tica Regional"},"content":{"rendered":"<p style=\"text-align: justify;\"><a href=\"https:\/\/www.benarabi.org\/wp-content\/uploads\/2024\/05\/3.png\"><img loading=\"lazy\" decoding=\"async\" class=\"wp-image-12060 alignleft\" src=\"https:\/\/www.benarabi.org\/wp-content\/uploads\/2024\/05\/3.png\" alt=\"\" width=\"150\" height=\"85\" srcset=\"https:\/\/www.benarabi.org\/wp-content\/uploads\/2024\/05\/3.png 395w, https:\/\/www.benarabi.org\/wp-content\/uploads\/2024\/05\/3-250x141.png 250w\" sizes=\"auto, (max-width: 150px) 100vw, 150px\" \/><\/a>El pasado s\u00e1bado 9 de mayo concluy\u00f3 la XXXIV Olimpiada Matem\u00e1tica de la Regi\u00f3n de Murcia, tras la celebraci\u00f3n de la Fase Regional (segunda y \u00faltima fase) en la Escuela T\u00e9cnica Superior de Ingenier\u00eda de la UPCT. En ella particip\u00f3 nuestro alumno de 2\u00ba ESO Enrique Fern\u00e1ndez Cegarra, por haber sido seleccionado como uno de los veinte mejores (sobre m\u00e1s de cien competidores) en la disputa de la primera fase (Fase Comarcal), celebrada previamente el 9 de marzo.<\/p>\n<p style=\"text-align: justify;\">Al t\u00e9rmino de la prueba, una vez corregidos los problemas, tuvo lugar el acto de entrega de regalos y diplomas a los veinte finalistas y se dio a conocer la lista de los tres primeros participantes, que ahora pasan a la Olimpiada Nacional, a celebrar este a\u00f1o en Badajoz.<\/p>\n<p style=\"text-align: justify;\">Al acto acudi\u00f3 acompa\u00f1ando al alumno el jefe del departamento de matem\u00e1ticas, Andr\u00e9s Garc\u00eda.<\/p>\n<p style=\"text-align: justify;\">En la Fase Comarcal del 9 de marzo, junto con Enrique hab\u00edan participado tambi\u00e9n los alumnos y alumnas de 2\u00ba ESO Eva Garc\u00eda, Berta Navarro, Alma Orden y Miguel \u00c1ngel Pastor.<\/p>\n<p style=\"text-align: justify;\">Esta olimpiada es una prueba sobre destrezas matem\u00e1ticas que se desarrolla en dos categor\u00edas, 6\u00ba de Primaria y 2\u00ba de ESO. Est\u00e1 organizada por la Real Sociedad Matem\u00e1tica de la Regi\u00f3n de Murcia, en colaboraci\u00f3n con otras entidades como la UPCT, y pretende estimular el talento matem\u00e1tico de nuestro alumnado.<u><\/u><\/p>\n<div id='gallery-1' class='gallery galleryid-12057 gallery-columns-3 gallery-size-thumbnail'><figure class='gallery-item'>\n\t\t\t<div class='gallery-icon landscape'>\n\t\t\t\t<a href='https:\/\/www.benarabi.org\/?attachment_id=12058'><img loading=\"lazy\" decoding=\"async\" width=\"250\" height=\"141\" src=\"https:\/\/www.benarabi.org\/wp-content\/uploads\/2024\/05\/2-1-250x141.png\" class=\"attachment-thumbnail size-thumbnail\" alt=\"\" \/><\/a>\n\t\t\t<\/div><\/figure><figure class='gallery-item'>\n\t\t\t<div class='gallery-icon portrait'>\n\t\t\t\t<a href='https:\/\/www.benarabi.org\/?attachment_id=12059'><img loading=\"lazy\" decoding=\"async\" width=\"165\" height=\"141\" src=\"https:\/\/www.benarabi.org\/wp-content\/uploads\/2024\/05\/1-1-165x141.png\" class=\"attachment-thumbnail size-thumbnail\" alt=\"\" \/><\/a>\n\t\t\t<\/div><\/figure><figure class='gallery-item'>\n\t\t\t<div class='gallery-icon landscape'>\n\t\t\t\t<a href='https:\/\/www.benarabi.org\/?attachment_id=12060'><img loading=\"lazy\" decoding=\"async\" width=\"250\" height=\"141\" src=\"https:\/\/www.benarabi.org\/wp-content\/uploads\/2024\/05\/3-250x141.png\" class=\"attachment-thumbnail size-thumbnail\" alt=\"\" srcset=\"https:\/\/www.benarabi.org\/wp-content\/uploads\/2024\/05\/3-250x141.png 250w, https:\/\/www.benarabi.org\/wp-content\/uploads\/2024\/05\/3.png 395w\" sizes=\"auto, (max-width: 250px) 100vw, 250px\" \/><\/a>\n\t\t\t<\/div><\/figure>\n\t\t<\/div>\n\n","protected":false},"excerpt":{"rendered":"<p>El pasado s\u00e1bado 9 de mayo concluy\u00f3 la XXXIV Olimpiada Matem\u00e1tica de la Regi\u00f3n de Murcia, tras la celebraci\u00f3n de la Fase Regional (segunda y \u00faltima fase) en la Escuela T\u00e9cnica Superior de Ingenier\u00eda de la UPCT. En ella particip\u00f3 nuestro alumno de 2\u00ba ESO Enrique Fern\u00e1ndez Cegarra, por haber sido seleccionado como uno de [&hellip;]<\/p>\n","protected":false},"author":1,"featured_media":0,"comment_status":"closed","ping_status":"open","sticky":false,"template":"","format":"standard","meta":{"footnotes":""},"categories":[1],"tags":[],"class_list":["post-12057","post","type-post","status-publish","format-standard","hentry","category-sin-categoria"],"_links":{"self":[{"href":"https:\/\/www.benarabi.org\/index.php?rest_route=\/wp\/v2\/posts\/12057","targetHints":{"allow":["GET"]}}],"collection":[{"href":"https:\/\/www.benarabi.org\/index.php?rest_route=\/wp\/v2\/posts"}],"about":[{"href":"https:\/\/www.benarabi.org\/index.php?rest_route=\/wp\/v2\/types\/post"}],"author":[{"embeddable":true,"href":"https:\/\/www.benarabi.org\/index.php?rest_route=\/wp\/v2\/users\/1"}],"replies":[{"embeddable":true,"href":"https:\/\/www.benarabi.org\/index.php?rest_route=%2Fwp%2Fv2%2Fcomments&post=12057"}],"version-history":[{"count":1,"href":"https:\/\/www.benarabi.org\/index.php?rest_route=\/wp\/v2\/posts\/12057\/revisions"}],"predecessor-version":[{"id":12061,"href":"https:\/\/www.benarabi.org\/index.php?rest_route=\/wp\/v2\/posts\/12057\/revisions\/12061"}],"wp:attachment":[{"href":"https:\/\/www.benarabi.org\/index.php?rest_route=%2Fwp%2Fv2%2Fmedia&parent=12057"}],"wp:term":[{"taxonomy":"category","embeddable":true,"href":"https:\/\/www.benarabi.org\/index.php?rest_route=%2Fwp%2Fv2%2Fcategories&post=12057"},{"taxonomy":"post_tag","embeddable":true,"href":"https:\/\/www.benarabi.org\/index.php?rest_route=%2Fwp%2Fv2%2Ftags&post=12057"}],"curies":[{"name":"wp","href":"https:\/\/api.w.org\/{rel}","templated":true}]}}