{"id":12062,"date":"2024-05-13T11:43:45","date_gmt":"2024-05-13T09:43:45","guid":{"rendered":"https:\/\/www.benarabi.org\/?p=12062"},"modified":"2024-05-29T09:27:23","modified_gmt":"2024-05-29T07:27:23","slug":"acto-de-graduacion-2o-bachillerato","status":"publish","type":"post","link":"https:\/\/www.benarabi.org\/?p=12062","title":{"rendered":"Acto de Graduaci\u00f3n 2\u00ba Bachillerato"},"content":{"rendered":"<p style=\"text-align: justify;\"><img loading=\"lazy\" decoding=\"async\" class=\"alignleft\" src=\"https:\/\/www.benarabi.org\/wp-content\/uploads\/2022\/05\/Sin-titulo.jpg\" alt=\"\" width=\"327\" height=\"224\" \/>El IES Ben Arab\u00ed ha organizado un acto de graduaci\u00f3n para los alumnos de 2\u00ba de Bachillerato. Con este acto queremos hacer un reconocimiento a los alumnos que, a lo largo de estos seis \u00faltimos a\u00f1os, han completado sus estudios en nuestro centro. Durante el mismo, se har\u00e1 entrega a cada alumno de un diploma de Bachillerato y se har\u00e1 la imposici\u00f3n de becas.<\/p>\n<p style=\"text-align: justify;\">El acto tendr\u00e1 lugar en el hall del Instituto el\u00a0<strong>viernes 17 de mayo a las 19.00 horas<\/strong>. Es un acto abierto, y estar\u00edamos encantados si los padres y familiares de los alumnos estuvieran presentes durante el mismo para acompa\u00f1ar a sus hijos en este momento tan especial.<\/p>\n<p style=\"text-align: justify;\">Esperamos contar con la presencia de todos los alumnos y sus familiares, as\u00ed como de los profesores que les han acompa\u00f1ado durante estos a\u00f1os en el IES Ben Arab\u00ed. Os esperamos a todos.<\/p>\n<p style=\"text-align: justify;\">Si quieres ver el Programa detallado del acto, <a href=\"https:\/\/www.benarabi.org\/wp-content\/uploads\/2024\/05\/Programa-Graduacion.pdf\">pincha aqu\u00ed<\/a>.<\/p>\n<p style=\"text-align: justify;\">Si quieres ver las normas de asistencia al acto, <a href=\"https:\/\/www.benarabi.org\/wp-content\/uploads\/2024\/05\/Hoja-normas-Graduacion-2023-24.pdf\">pincha aqu\u00ed<\/a>.<\/p>\n","protected":false},"excerpt":{"rendered":"<p>El IES Ben Arab\u00ed ha organizado un acto de graduaci\u00f3n para los alumnos de 2\u00ba de Bachillerato. Con este acto queremos hacer un reconocimiento a los alumnos que, a lo largo de estos seis \u00faltimos a\u00f1os, han completado sus estudios en nuestro centro. Durante el mismo, se har\u00e1 entrega a cada alumno de un diploma [&hellip;]<\/p>\n","protected":false},"author":1,"featured_media":0,"comment_status":"closed","ping_status":"open","sticky":false,"template":"","format":"standard","meta":{"footnotes":""},"categories":[1],"tags":[],"class_list":["post-12062","post","type-post","status-publish","format-standard","hentry","category-sin-categoria"],"_links":{"self":[{"href":"https:\/\/www.benarabi.org\/index.php?rest_route=\/wp\/v2\/posts\/12062","targetHints":{"allow":["GET"]}}],"collection":[{"href":"https:\/\/www.benarabi.org\/index.php?rest_route=\/wp\/v2\/posts"}],"about":[{"href":"https:\/\/www.benarabi.org\/index.php?rest_route=\/wp\/v2\/types\/post"}],"author":[{"embeddable":true,"href":"https:\/\/www.benarabi.org\/index.php?rest_route=\/wp\/v2\/users\/1"}],"replies":[{"embeddable":true,"href":"https:\/\/www.benarabi.org\/index.php?rest_route=%2Fwp%2Fv2%2Fcomments&post=12062"}],"version-history":[{"count":1,"href":"https:\/\/www.benarabi.org\/index.php?rest_route=\/wp\/v2\/posts\/12062\/revisions"}],"predecessor-version":[{"id":12065,"href":"https:\/\/www.benarabi.org\/index.php?rest_route=\/wp\/v2\/posts\/12062\/revisions\/12065"}],"wp:attachment":[{"href":"https:\/\/www.benarabi.org\/index.php?rest_route=%2Fwp%2Fv2%2Fmedia&parent=12062"}],"wp:term":[{"taxonomy":"category","embeddable":true,"href":"https:\/\/www.benarabi.org\/index.php?rest_route=%2Fwp%2Fv2%2Fcategories&post=12062"},{"taxonomy":"post_tag","embeddable":true,"href":"https:\/\/www.benarabi.org\/index.php?rest_route=%2Fwp%2Fv2%2Ftags&post=12062"}],"curies":[{"name":"wp","href":"https:\/\/api.w.org\/{rel}","templated":true}]}}