{"id":12071,"date":"2024-05-14T10:57:06","date_gmt":"2024-05-14T08:57:06","guid":{"rendered":"https:\/\/www.benarabi.org\/?p=12071"},"modified":"2024-05-14T10:57:06","modified_gmt":"2024-05-14T08:57:06","slug":"entrega-de-premios-del-vi-certamen-literario-viento-del-pueblo","status":"publish","type":"post","link":"https:\/\/www.benarabi.org\/?p=12071","title":{"rendered":"ENTREGA DE PREMIOS DEL VI CERTAMEN LITERARIO VIENTO DEL PUEBLO"},"content":{"rendered":"<p style=\"text-align: justify;\"><a href=\"https:\/\/www.benarabi.org\/wp-content\/uploads\/2024\/05\/IMG_6097-1-scaled.jpg\"><img loading=\"lazy\" decoding=\"async\" class=\"alignleft wp-image-12072\" src=\"https:\/\/www.benarabi.org\/wp-content\/uploads\/2024\/05\/IMG_6097-1-scaled.jpg\" alt=\"\" width=\"150\" height=\"113\" srcset=\"https:\/\/www.benarabi.org\/wp-content\/uploads\/2024\/05\/IMG_6097-1-scaled.jpg 2560w, https:\/\/www.benarabi.org\/wp-content\/uploads\/2024\/05\/IMG_6097-1-768x576.jpg 768w, https:\/\/www.benarabi.org\/wp-content\/uploads\/2024\/05\/IMG_6097-1-1536x1152.jpg 1536w, https:\/\/www.benarabi.org\/wp-content\/uploads\/2024\/05\/IMG_6097-1-2048x1536.jpg 2048w\" sizes=\"auto, (max-width: 150px) 100vw, 150px\" \/><\/a>El d\u00eda 8 de mayo tuvo lugar en el IES Isaac Peral el acto de entrega de los premios del VI Certamen Literario \u201cViento del pueblo\u201d, en homenaje al poeta oriolano Miguel Hern\u00e1ndez, con el que se pretende descubrir nuevas voces po\u00e9ticas entre los j\u00f3venes estudiantes de la Regi\u00f3n de Murcia.<\/p>\n<p style=\"text-align: justify;\">El concurso se organiza desde tres institutos de Cartagena: Ben Arab\u00ed, Mediterr\u00e1neo e Isaac Peral. Como en anteriores ediciones, el premio ha tenido como mecenas a la Fundaci\u00f3n Cultural Miguel Hern\u00e1ndez de Orihuela, cuyo director es el fil\u00f3logo Aitor L. Larrabide. Adem\u00e1s de con su presencia, el acto cont\u00f3 con la participaci\u00f3n de los directores de los centros organizadores, Josefa Garc\u00eda, Manuel D\u00edaz y Antonio Jaranay, y del Cronista Oficial de la ciudad de Cartagena, Francisco Jos\u00e9 Franco. Sin olvidar la presencia de profesores de Lengua Castellana y Literatura de los tres centros y de un p\u00fablico entregado, formado por alumnos del IES Isaac Peral.<\/p>\n<p style=\"text-align: justify;\">Se otorgaron tres galardones: Elena Bazar L\u00f3pez, que cursa 2\u00ba ESO en el IESO Galileo de Pozo Estrecho), en la categor\u00eda de 1\u00ba y 2\u00ba de ESO; Paula Ca\u00f1avate Mart\u00ednez, alumna de 2\u00ba de Bachillerato en el IES Ben Arab\u00ed, como acc\u00e9sit en la categor\u00eda de 3\u00ba-4\u00ba de ESO, FP B\u00e1sica y Bachillerato; y Mar\u00eda Teresa Guill\u00e9n Ruiz, alumna de 4\u00ba de ESO del IES Alquipir de Ceheg\u00edn, que recibi\u00f3 el primer premio en esta misma categor\u00eda. El importe de los premios fue aportado por la Fundaci\u00f3n Cultural Miguel Hern\u00e1ndez.<\/p>\n<p style=\"text-align: justify;\">El certamen se despide as\u00ed por este a\u00f1o, emplazando a todos los j\u00f3venes escritores a participar en la edici\u00f3n del pr\u00f3ximo curso.<\/p>\n","protected":false},"excerpt":{"rendered":"<p>El d\u00eda 8 de mayo tuvo lugar en el IES Isaac Peral el acto de entrega de los premios del VI Certamen Literario \u201cViento del pueblo\u201d, en homenaje al poeta oriolano Miguel Hern\u00e1ndez, con el que se pretende descubrir nuevas voces po\u00e9ticas entre los j\u00f3venes estudiantes de la Regi\u00f3n de Murcia. El concurso se organiza [&hellip;]<\/p>\n","protected":false},"author":1,"featured_media":0,"comment_status":"closed","ping_status":"open","sticky":false,"template":"","format":"standard","meta":{"footnotes":""},"categories":[1],"tags":[],"class_list":["post-12071","post","type-post","status-publish","format-standard","hentry","category-sin-categoria"],"_links":{"self":[{"href":"https:\/\/www.benarabi.org\/index.php?rest_route=\/wp\/v2\/posts\/12071","targetHints":{"allow":["GET"]}}],"collection":[{"href":"https:\/\/www.benarabi.org\/index.php?rest_route=\/wp\/v2\/posts"}],"about":[{"href":"https:\/\/www.benarabi.org\/index.php?rest_route=\/wp\/v2\/types\/post"}],"author":[{"embeddable":true,"href":"https:\/\/www.benarabi.org\/index.php?rest_route=\/wp\/v2\/users\/1"}],"replies":[{"embeddable":true,"href":"https:\/\/www.benarabi.org\/index.php?rest_route=%2Fwp%2Fv2%2Fcomments&post=12071"}],"version-history":[{"count":1,"href":"https:\/\/www.benarabi.org\/index.php?rest_route=\/wp\/v2\/posts\/12071\/revisions"}],"predecessor-version":[{"id":12073,"href":"https:\/\/www.benarabi.org\/index.php?rest_route=\/wp\/v2\/posts\/12071\/revisions\/12073"}],"wp:attachment":[{"href":"https:\/\/www.benarabi.org\/index.php?rest_route=%2Fwp%2Fv2%2Fmedia&parent=12071"}],"wp:term":[{"taxonomy":"category","embeddable":true,"href":"https:\/\/www.benarabi.org\/index.php?rest_route=%2Fwp%2Fv2%2Fcategories&post=12071"},{"taxonomy":"post_tag","embeddable":true,"href":"https:\/\/www.benarabi.org\/index.php?rest_route=%2Fwp%2Fv2%2Ftags&post=12071"}],"curies":[{"name":"wp","href":"https:\/\/api.w.org\/{rel}","templated":true}]}}