{"id":12084,"date":"2024-05-29T09:48:20","date_gmt":"2024-05-29T07:48:20","guid":{"rendered":"https:\/\/www.benarabi.org\/?p=12084"},"modified":"2024-05-29T09:51:09","modified_gmt":"2024-05-29T07:51:09","slug":"admision-del-alumnado-curso-24-25-actualizacion-29-de-mayo-por-listados-provisionales","status":"publish","type":"post","link":"https:\/\/www.benarabi.org\/?p=12084","title":{"rendered":"Admisi\u00f3n del alumnado Curso 24-25 (Actualizaci\u00f3n 29 de mayo por listados provisionales)"},"content":{"rendered":"<p style=\"text-align: justify;\"><img loading=\"lazy\" decoding=\"async\" class=\"alignleft\" src=\"https:\/\/www.benarabi.org\/wp-content\/uploads\/2024\/02\/cartel_eso-bach_2024-12.jpg\" alt=\"\" width=\"149\" height=\"107\" \/>El martes <strong>27 de febrero <\/strong><strong>de 2024\u00a0<\/strong>comenz\u00f3 el Proceso de Admisi\u00f3n Escolar 2024-25.<\/p>\n<p style=\"text-align: justify;\">Si quieres ver la \u00a0<strong>Resoluci\u00f3n de 20 de febrero de 2024<\/strong>, de la Direcci\u00f3n General de Recursos Humanos, Planificaci\u00f3n Educativa e Innovaci\u00f3n, por la que se dictan\u00a0<strong>instrucciones<\/strong> para el proceso ordinario de escolarizaci\u00f3n de alumnado en centros p\u00fablicos y privados concertados de Educaci\u00f3n Secundaria Obligatoria y Bachillerato en el curso escolar 2024-2025, <a href=\"https:\/\/www.benarabi.org\/wp-content\/uploads\/2024\/02\/2024-896.pdf\">pincha aqu\u00ed<\/a>.<\/p>\n<p style=\"text-align: justify;\">El\u00a0<strong>Criterio Complementario de Centro Escolar<\/strong>\u00a0(CCC) es \u00abSer hijo o hermano de antiguo alumno\u00bb.<\/p>\n<p>Si quieres acceder a la web de Educarm con toda la informaci\u00f3n\u00a0<a href=\"https:\/\/servicios.educarm.es\/admin\/webForm.php?aplicacion=ADA&amp;mode=visualizaAplicacionWeb&amp;web=34&amp;ar=1469&amp;liferay=1&amp;zona=EDUCARM#this\" target=\"_blank\" rel=\"noopener\">pincha aqu\u00ed<\/a>. No obstante, os enlazamos a los siguientes contenidos destacados:<\/p>\n<ul>\n<li><a href=\"https:\/\/planificacion.murciaeduca.es\/docs\/docs_planificacion\/cartel_eso-bach_2024.jpg\" target=\"_blank\" rel=\"noopener\">Infograf\u00eda de fechas<\/a><\/li>\n<li><a href=\"https:\/\/planificacion.murciaeduca.es\/docs\/docs_planificacion\/baremo_esobach.jpg\" target=\"_blank\" rel=\"noopener\">Infograf\u00eda de baremo<\/a><\/li>\n<li><a href=\"https:\/\/sede.carm.es\/documentos\/2214\/solicitud_eso_ordinaria.pdf\">Impreso de solicitud de ESO de fase ordinaria<\/a><\/li>\n<li><a href=\"https:\/\/sede.carm.es\/documentos\/2214\/solicitud_bach_ordinaria.pdf\">Impreso de solicitud de Bachillerato de fase ordinaria<\/a>.<\/li>\n<\/ul>\n<p style=\"text-align: justify;\"><span style=\"color: #3366ff;\"><strong>Si quieres consultar si has sido admitido en las listas provisionales del 29 de mayo, <\/strong><a style=\"color: #3366ff;\" href=\"https:\/\/admisiones.carm.es\/Admisiones\/externo\/EstadoSolicitud\/inicio_estado_solicitud.jspx\"><strong>pincha aqu\u00ed.<\/strong> <\/a><\/span><\/p>\n<p style=\"text-align: justify;\">Para que puedas conocer nuestro centro hemos preparado la <a href=\"https:\/\/view.genial.ly\/621617243758630019d892c5\/guide-copia-presentacion-ies-ben-arabi\"><strong>siguiente presentaci\u00f3n<\/strong><\/a>\u00a0. Tambi\u00e9n se encuentra disponible en el men\u00fa principal de esta web, en \u00abConoce el IES Ben Arabi\u00bb.<\/p>\n","protected":false},"excerpt":{"rendered":"<p>El martes 27 de febrero de 2024\u00a0comenz\u00f3 el Proceso de Admisi\u00f3n Escolar 2024-25. Si quieres ver la \u00a0Resoluci\u00f3n de 20 de febrero de 2024, de la Direcci\u00f3n General de Recursos Humanos, Planificaci\u00f3n Educativa e Innovaci\u00f3n, por la que se dictan\u00a0instrucciones para el proceso ordinario de escolarizaci\u00f3n de alumnado en centros p\u00fablicos y privados concertados de [&hellip;]<\/p>\n","protected":false},"author":1,"featured_media":0,"comment_status":"closed","ping_status":"open","sticky":false,"template":"","format":"standard","meta":{"footnotes":""},"categories":[1],"tags":[],"class_list":["post-12084","post","type-post","status-publish","format-standard","hentry","category-sin-categoria"],"_links":{"self":[{"href":"https:\/\/www.benarabi.org\/index.php?rest_route=\/wp\/v2\/posts\/12084","targetHints":{"allow":["GET"]}}],"collection":[{"href":"https:\/\/www.benarabi.org\/index.php?rest_route=\/wp\/v2\/posts"}],"about":[{"href":"https:\/\/www.benarabi.org\/index.php?rest_route=\/wp\/v2\/types\/post"}],"author":[{"embeddable":true,"href":"https:\/\/www.benarabi.org\/index.php?rest_route=\/wp\/v2\/users\/1"}],"replies":[{"embeddable":true,"href":"https:\/\/www.benarabi.org\/index.php?rest_route=%2Fwp%2Fv2%2Fcomments&post=12084"}],"version-history":[{"count":3,"href":"https:\/\/www.benarabi.org\/index.php?rest_route=\/wp\/v2\/posts\/12084\/revisions"}],"predecessor-version":[{"id":12088,"href":"https:\/\/www.benarabi.org\/index.php?rest_route=\/wp\/v2\/posts\/12084\/revisions\/12088"}],"wp:attachment":[{"href":"https:\/\/www.benarabi.org\/index.php?rest_route=%2Fwp%2Fv2%2Fmedia&parent=12084"}],"wp:term":[{"taxonomy":"category","embeddable":true,"href":"https:\/\/www.benarabi.org\/index.php?rest_route=%2Fwp%2Fv2%2Fcategories&post=12084"},{"taxonomy":"post_tag","embeddable":true,"href":"https:\/\/www.benarabi.org\/index.php?rest_route=%2Fwp%2Fv2%2Ftags&post=12084"}],"curies":[{"name":"wp","href":"https:\/\/api.w.org\/{rel}","templated":true}]}}