{"id":12089,"date":"2024-05-30T13:17:22","date_gmt":"2024-05-30T11:17:22","guid":{"rendered":"https:\/\/www.benarabi.org\/?p=12089"},"modified":"2024-05-30T13:17:22","modified_gmt":"2024-05-30T11:17:22","slug":"un-gran-descubrimiento-la-asociacion-de-mujeres-amanecer","status":"publish","type":"post","link":"https:\/\/www.benarabi.org\/?p=12089","title":{"rendered":"UN GRAN DESCUBRIMIENTO: LA ASOCIACI\u00d3N DE MUJERES \u201cAMANECER\u201d"},"content":{"rendered":"<p style=\"text-align: justify;\"><a href=\"https:\/\/www.benarabi.org\/wp-content\/uploads\/2024\/05\/Foto-3-4-scaled.jpg\"><img loading=\"lazy\" decoding=\"async\" class=\"wp-image-12093 alignleft\" src=\"https:\/\/www.benarabi.org\/wp-content\/uploads\/2024\/05\/Foto-3-4-scaled.jpg\" alt=\"\" width=\"150\" height=\"113\" srcset=\"https:\/\/www.benarabi.org\/wp-content\/uploads\/2024\/05\/Foto-3-4-scaled.jpg 2560w, https:\/\/www.benarabi.org\/wp-content\/uploads\/2024\/05\/Foto-3-4-768x577.jpg 768w, https:\/\/www.benarabi.org\/wp-content\/uploads\/2024\/05\/Foto-3-4-1536x1153.jpg 1536w, https:\/\/www.benarabi.org\/wp-content\/uploads\/2024\/05\/Foto-3-4-2048x1538.jpg 2048w\" sizes=\"auto, (max-width: 150px) 100vw, 150px\" \/><\/a>Este martes 14 de mayo, nuestro centro ha tenido el honor y la gran suerte de poder disfrutar de una representaci\u00f3n de mujeres de la asociaci\u00f3n AMANECER, de Barrio Peral.<\/p>\n<p style=\"text-align: justify;\">A trav\u00e9s de la Red Sociosanitaria del barrio, la Profesora de Servicios a la Comunidad, Inma Castej\u00f3n, conoci\u00f3 a este colectivo y vio muy interesante el que pudiera hacerse una jornada de conexi\u00f3n intergeneracional en nuestro instituto.<\/p>\n<p style=\"text-align: justify;\">Son muchas las cosas \u00a0que estas mujeres desarrollan en la asociaci\u00f3n, pero en este caso nos centramos en su taller literario. Organizamos junto al tutor de 4\u00ba ESO B, Jos\u00e9 Guill\u00e9n Leiva, una tutor\u00eda para que ellas pudieran contar qu\u00e9 hacen en este taller y leer algunas de sus experiencias vividas que han plasmado en algunos de los libros que han editado a lo largo de la historia de su asociaci\u00f3n.<\/p>\n<p style=\"text-align: justify;\">La tutor\u00eda empez\u00f3 con una gran sorpresa para los alumnos y alumnas, que estuvieron escuchando a este grupo de mujeres \u201ccon la boca abierta\u201d durante todo el tiempo. La presidenta de la Asociaci\u00f3n dio el pistoletazo de salida a la tutor\u00eda y enseguida, cada una de las mujeres fue regal\u00e1ndonos un poquito de su experiencia y saber sobre varios temas muy interesantes.<\/p>\n<p style=\"text-align: justify;\">Por un lado se habl\u00f3 de los colegios de chicos y chicas que exist\u00edan anteriormente y c\u00f3mo se llega hasta los colegios de nuestros d\u00edas. Por otro lado se dieron datos interesantes relacionados con la diferencia entre g\u00e9neros en educaci\u00f3n y la evoluci\u00f3n de los colegios en nuestro barrio. Se destac\u00f3 la figura de Don Feliciano S\u00e1nchez en la creaci\u00f3n de escuelas en Barrio Peral y la de Carmen Conde como\u00a0 \u201cSocia de honor\u201d en la Asociaci\u00f3n Amanecer.<\/p>\n<p style=\"text-align: justify;\">Fue una jornada muy divertida donde tanto ellas como los alumnos y los profesores que tuvimos el privilegio de estar presentes, lo pasamos genial y aprendimos de una generaci\u00f3n que tiene mucho que decir y muchas ganas de seguir aprendiendo y disfrutando de la vida.<\/p>\n<p style=\"text-align: justify;\">Terminaron nuestras invitadas dando consejos muy valiosos a los estudiantes, les recomendaron leer porque un libro es el mejor compa\u00f1ero que puede tenerse en la vida, les recomendaron luchar y esforzarse por lo que deseen y adem\u00e1s les recalcaron que son unos privilegiados y que aprovechen todos los recursos que tienen a su alcance para poder llegar a donde quieran ir.<\/p>\n<p style=\"text-align: justify;\">UN PLACER CON MAY\u00daSCULAS PODER HABER DISFRUTADO DE ESTA CHARLA.<\/p>\n<p style=\"text-align: justify;\">MUCHAS GRACIAS MUJERES AMANECER Y \u00a1\u00a1HASTA PRONTO!!<\/p>\n<div id='gallery-1' class='gallery galleryid-12089 gallery-columns-5 gallery-size-thumbnail'><figure class='gallery-item'>\n\t\t\t<div class='gallery-icon portrait'>\n\t\t\t\t<a href='https:\/\/www.benarabi.org\/?attachment_id=12090'><img loading=\"lazy\" decoding=\"async\" width=\"250\" height=\"141\" src=\"https:\/\/www.benarabi.org\/wp-content\/uploads\/2024\/05\/Foto-6-2-250x141.jpg\" class=\"attachment-thumbnail size-thumbnail\" alt=\"\" srcset=\"https:\/\/www.benarabi.org\/wp-content\/uploads\/2024\/05\/Foto-6-2-250x141.jpg 250w, https:\/\/www.benarabi.org\/wp-content\/uploads\/2024\/05\/Foto-6-2-850x478.jpg 850w, https:\/\/www.benarabi.org\/wp-content\/uploads\/2024\/05\/Foto-6-2-1200x675.jpg 1200w\" sizes=\"auto, (max-width: 250px) 100vw, 250px\" \/><\/a>\n\t\t\t<\/div><\/figure><figure class='gallery-item'>\n\t\t\t<div class='gallery-icon landscape'>\n\t\t\t\t<a href='https:\/\/www.benarabi.org\/?attachment_id=12091'><img loading=\"lazy\" decoding=\"async\" width=\"250\" height=\"141\" src=\"https:\/\/www.benarabi.org\/wp-content\/uploads\/2024\/05\/Foto-5-3-250x141.jpg\" class=\"attachment-thumbnail size-thumbnail\" alt=\"\" srcset=\"https:\/\/www.benarabi.org\/wp-content\/uploads\/2024\/05\/Foto-5-3-250x141.jpg 250w, https:\/\/www.benarabi.org\/wp-content\/uploads\/2024\/05\/Foto-5-3-850x478.jpg 850w, https:\/\/www.benarabi.org\/wp-content\/uploads\/2024\/05\/Foto-5-3-1200x675.jpg 1200w\" sizes=\"auto, (max-width: 250px) 100vw, 250px\" \/><\/a>\n\t\t\t<\/div><\/figure><figure class='gallery-item'>\n\t\t\t<div class='gallery-icon landscape'>\n\t\t\t\t<a href='https:\/\/www.benarabi.org\/?attachment_id=12092'><img loading=\"lazy\" decoding=\"async\" width=\"250\" height=\"141\" src=\"https:\/\/www.benarabi.org\/wp-content\/uploads\/2024\/05\/Foto-4-3-250x141.jpg\" class=\"attachment-thumbnail size-thumbnail\" alt=\"\" srcset=\"https:\/\/www.benarabi.org\/wp-content\/uploads\/2024\/05\/Foto-4-3-250x141.jpg 250w, https:\/\/www.benarabi.org\/wp-content\/uploads\/2024\/05\/Foto-4-3-850x478.jpg 850w, https:\/\/www.benarabi.org\/wp-content\/uploads\/2024\/05\/Foto-4-3-1200x675.jpg 1200w\" sizes=\"auto, (max-width: 250px) 100vw, 250px\" \/><\/a>\n\t\t\t<\/div><\/figure><figure class='gallery-item'>\n\t\t\t<div class='gallery-icon landscape'>\n\t\t\t\t<a href='https:\/\/www.benarabi.org\/?attachment_id=12093'><img loading=\"lazy\" decoding=\"async\" width=\"250\" height=\"141\" src=\"https:\/\/www.benarabi.org\/wp-content\/uploads\/2024\/05\/Foto-3-4-250x141.jpg\" class=\"attachment-thumbnail size-thumbnail\" alt=\"\" srcset=\"https:\/\/www.benarabi.org\/wp-content\/uploads\/2024\/05\/Foto-3-4-250x141.jpg 250w, https:\/\/www.benarabi.org\/wp-content\/uploads\/2024\/05\/Foto-3-4-850x478.jpg 850w, https:\/\/www.benarabi.org\/wp-content\/uploads\/2024\/05\/Foto-3-4-1200x675.jpg 1200w\" sizes=\"auto, (max-width: 250px) 100vw, 250px\" \/><\/a>\n\t\t\t<\/div><\/figure><figure class='gallery-item'>\n\t\t\t<div class='gallery-icon landscape'>\n\t\t\t\t<a href='https:\/\/www.benarabi.org\/?attachment_id=12094'><img loading=\"lazy\" decoding=\"async\" width=\"250\" height=\"141\" src=\"https:\/\/www.benarabi.org\/wp-content\/uploads\/2024\/05\/Foto-2-250x141.jpg\" class=\"attachment-thumbnail size-thumbnail\" alt=\"\" srcset=\"https:\/\/www.benarabi.org\/wp-content\/uploads\/2024\/05\/Foto-2-250x141.jpg 250w, https:\/\/www.benarabi.org\/wp-content\/uploads\/2024\/05\/Foto-2-850x478.jpg 850w, https:\/\/www.benarabi.org\/wp-content\/uploads\/2024\/05\/Foto-2-1200x675.jpg 1200w\" sizes=\"auto, (max-width: 250px) 100vw, 250px\" \/><\/a>\n\t\t\t<\/div><\/figure>\n\t\t<\/div>\n\n","protected":false},"excerpt":{"rendered":"<p>Este martes 14 de mayo, nuestro centro ha tenido el honor y la gran suerte de poder disfrutar de una representaci\u00f3n de mujeres de la asociaci\u00f3n AMANECER, de Barrio Peral. A trav\u00e9s de la Red Sociosanitaria del barrio, la Profesora de Servicios a la Comunidad, Inma Castej\u00f3n, conoci\u00f3 a este colectivo y vio muy interesante [&hellip;]<\/p>\n","protected":false},"author":1,"featured_media":0,"comment_status":"closed","ping_status":"open","sticky":false,"template":"","format":"standard","meta":{"footnotes":""},"categories":[1],"tags":[],"class_list":["post-12089","post","type-post","status-publish","format-standard","hentry","category-sin-categoria"],"_links":{"self":[{"href":"https:\/\/www.benarabi.org\/index.php?rest_route=\/wp\/v2\/posts\/12089","targetHints":{"allow":["GET"]}}],"collection":[{"href":"https:\/\/www.benarabi.org\/index.php?rest_route=\/wp\/v2\/posts"}],"about":[{"href":"https:\/\/www.benarabi.org\/index.php?rest_route=\/wp\/v2\/types\/post"}],"author":[{"embeddable":true,"href":"https:\/\/www.benarabi.org\/index.php?rest_route=\/wp\/v2\/users\/1"}],"replies":[{"embeddable":true,"href":"https:\/\/www.benarabi.org\/index.php?rest_route=%2Fwp%2Fv2%2Fcomments&post=12089"}],"version-history":[{"count":1,"href":"https:\/\/www.benarabi.org\/index.php?rest_route=\/wp\/v2\/posts\/12089\/revisions"}],"predecessor-version":[{"id":12095,"href":"https:\/\/www.benarabi.org\/index.php?rest_route=\/wp\/v2\/posts\/12089\/revisions\/12095"}],"wp:attachment":[{"href":"https:\/\/www.benarabi.org\/index.php?rest_route=%2Fwp%2Fv2%2Fmedia&parent=12089"}],"wp:term":[{"taxonomy":"category","embeddable":true,"href":"https:\/\/www.benarabi.org\/index.php?rest_route=%2Fwp%2Fv2%2Fcategories&post=12089"},{"taxonomy":"post_tag","embeddable":true,"href":"https:\/\/www.benarabi.org\/index.php?rest_route=%2Fwp%2Fv2%2Ftags&post=12089"}],"curies":[{"name":"wp","href":"https:\/\/api.w.org\/{rel}","templated":true}]}}