{"id":12181,"date":"2024-06-10T09:13:41","date_gmt":"2024-06-10T07:13:41","guid":{"rendered":"https:\/\/www.benarabi.org\/?p=12181"},"modified":"2024-06-10T09:24:08","modified_gmt":"2024-06-10T07:24:08","slug":"prevencion-de-patologias-de-la-voz-i-tecnica-vocal","status":"publish","type":"post","link":"https:\/\/www.benarabi.org\/?p=12181","title":{"rendered":"Prevenci\u00f3n de Patolog\u00edas de la Voz I: t\u00e9cnica vocal."},"content":{"rendered":"<p style=\"text-align: justify;\"><a href=\"https:\/\/www.benarabi.org\/wp-content\/uploads\/2024\/06\/IMG_20240605_161613-scaled.jpg\"><img loading=\"lazy\" decoding=\"async\" class=\"wp-image-12183 alignleft\" src=\"https:\/\/www.benarabi.org\/wp-content\/uploads\/2024\/06\/IMG_20240605_161613-scaled.jpg\" alt=\"\" width=\"150\" height=\"113\" srcset=\"https:\/\/www.benarabi.org\/wp-content\/uploads\/2024\/06\/IMG_20240605_161613-scaled.jpg 2560w, https:\/\/www.benarabi.org\/wp-content\/uploads\/2024\/06\/IMG_20240605_161613-768x576.jpg 768w, https:\/\/www.benarabi.org\/wp-content\/uploads\/2024\/06\/IMG_20240605_161613-1536x1152.jpg 1536w, https:\/\/www.benarabi.org\/wp-content\/uploads\/2024\/06\/IMG_20240605_161613-2048x1536.jpg 2048w\" sizes=\"auto, (max-width: 150px) 100vw, 150px\" \/><\/a>Los d\u00edas 8, 15, 29 de mayo y 5 de junio de 2024 de 16:00 a 18:30 horas se ha realizado el curso <strong>\u201cPrevenci\u00f3n de Patolog\u00edas de la Voz I: t\u00e9cnica vocal\u201d<\/strong> impartido por la logopeda D\u00f1a. Rafaela Manzano con la asistencia de 20 profesores del IES Ben Arab\u00ed y de otros centros cercanos. El curso se enmarca dentro la <strong>formaci\u00f3n en centro<\/strong> para el profesorado impulsada por la Consejer\u00eda de Educaci\u00f3n, Formaci\u00f3n Profesional y Empleo con la direcci\u00f3n del <strong>CPR<\/strong> y coordinado por M\u00aa \u00c1ngeles Le\u00f3n Segura dentro del <strong>Programa de Educaci\u00f3n para la Salud<\/strong>.<\/p>\n<p style=\"text-align: justify;\">El curso est\u00e1 dirigido a la mejora de la calidad de la ense\u00f1anza en respuesta a necesidades detectadas por el profesorado y alterna contenido te\u00f3rico y pr\u00e1ctico. La actividad profesional de docencia exige un esfuerzo mantenido de la voz, con subidas y bajadas de tono para poder comunicar, remarcar lo importante, etc. Estas exigencias pueden verse agravadas por otros factores personales y ambientales. Los objetivos y contenidos han sido los siguientes:<\/p>\n<p style=\"text-align: justify;\"><strong>Objetivos<\/strong><\/p>\n<ul>\n<li style=\"text-align: justify;\">Conocer los elementos del sistema de fonaci\u00f3n y su funcionamiento.<\/li>\n<li style=\"text-align: justify;\">Aprender una t\u00e9cnica vocal perfecta.<\/li>\n<li style=\"text-align: justify;\">Aplicar un programa de higiene vocal.<\/li>\n<li style=\"text-align: justify;\">Aplicar una buena impostaci\u00f3n y proyecci\u00f3n de la voz.<\/li>\n<\/ul>\n<p style=\"text-align: justify;\"><strong>Contenidos<\/strong><\/p>\n<ul>\n<li style=\"text-align: justify;\">Elementos del sistema respiratorio, aparato lar\u00edngeo y aparato resonador.<\/li>\n<li style=\"text-align: justify;\">Patolog\u00edas de la voz.<\/li>\n<li style=\"text-align: justify;\">T\u00e9cnicas de relajaci\u00f3n, control psicomotor, coordinaci\u00f3n fonorrespiratoria.<\/li>\n<li style=\"text-align: justify;\">Impostaci\u00f3n y proyecci\u00f3n de la voz.<\/li>\n<li style=\"text-align: justify;\">H\u00e1bitos para conseguir una t\u00e9cnica vocal perfecta.<\/li>\n<li style=\"text-align: justify;\">Programa de higiene vocal preventivo de las patolog\u00edas de la voz.<\/li>\n<\/ul>\n<div id='gallery-1' class='gallery galleryid-12181 gallery-columns-3 gallery-size-thumbnail'><figure class='gallery-item'>\n\t\t\t<div class='gallery-icon landscape'>\n\t\t\t\t<a href='https:\/\/www.benarabi.org\/?attachment_id=12183'><img loading=\"lazy\" decoding=\"async\" width=\"250\" height=\"141\" src=\"https:\/\/www.benarabi.org\/wp-content\/uploads\/2024\/06\/IMG_20240605_161613-250x141.jpg\" class=\"attachment-thumbnail size-thumbnail\" alt=\"\" srcset=\"https:\/\/www.benarabi.org\/wp-content\/uploads\/2024\/06\/IMG_20240605_161613-250x141.jpg 250w, https:\/\/www.benarabi.org\/wp-content\/uploads\/2024\/06\/IMG_20240605_161613-850x478.jpg 850w, https:\/\/www.benarabi.org\/wp-content\/uploads\/2024\/06\/IMG_20240605_161613-1200x675.jpg 1200w\" sizes=\"auto, (max-width: 250px) 100vw, 250px\" \/><\/a>\n\t\t\t<\/div><\/figure><figure class='gallery-item'>\n\t\t\t<div class='gallery-icon landscape'>\n\t\t\t\t<a href='https:\/\/www.benarabi.org\/?attachment_id=12184'><img loading=\"lazy\" decoding=\"async\" width=\"250\" height=\"141\" src=\"https:\/\/www.benarabi.org\/wp-content\/uploads\/2024\/06\/IMG_20240605_161558-250x141.jpg\" class=\"attachment-thumbnail size-thumbnail\" alt=\"\" srcset=\"https:\/\/www.benarabi.org\/wp-content\/uploads\/2024\/06\/IMG_20240605_161558-250x141.jpg 250w, https:\/\/www.benarabi.org\/wp-content\/uploads\/2024\/06\/IMG_20240605_161558-850x478.jpg 850w, https:\/\/www.benarabi.org\/wp-content\/uploads\/2024\/06\/IMG_20240605_161558-1200x675.jpg 1200w\" sizes=\"auto, (max-width: 250px) 100vw, 250px\" \/><\/a>\n\t\t\t<\/div><\/figure><figure class='gallery-item'>\n\t\t\t<div class='gallery-icon landscape'>\n\t\t\t\t<a href='https:\/\/www.benarabi.org\/?attachment_id=12185'><img loading=\"lazy\" decoding=\"async\" width=\"250\" height=\"141\" src=\"https:\/\/www.benarabi.org\/wp-content\/uploads\/2024\/06\/IMG_20240605_161702-250x141.jpg\" class=\"attachment-thumbnail size-thumbnail\" alt=\"\" srcset=\"https:\/\/www.benarabi.org\/wp-content\/uploads\/2024\/06\/IMG_20240605_161702-250x141.jpg 250w, https:\/\/www.benarabi.org\/wp-content\/uploads\/2024\/06\/IMG_20240605_161702-850x478.jpg 850w, https:\/\/www.benarabi.org\/wp-content\/uploads\/2024\/06\/IMG_20240605_161702-1200x675.jpg 1200w\" sizes=\"auto, (max-width: 250px) 100vw, 250px\" \/><\/a>\n\t\t\t<\/div><\/figure>\n\t\t<\/div>\n\n","protected":false},"excerpt":{"rendered":"<p>Los d\u00edas 8, 15, 29 de mayo y 5 de junio de 2024 de 16:00 a 18:30 horas se ha realizado el curso \u201cPrevenci\u00f3n de Patolog\u00edas de la Voz I: t\u00e9cnica vocal\u201d impartido por la logopeda D\u00f1a. Rafaela Manzano con la asistencia de 20 profesores del IES Ben Arab\u00ed y de otros centros cercanos. El [&hellip;]<\/p>\n","protected":false},"author":1,"featured_media":0,"comment_status":"closed","ping_status":"open","sticky":false,"template":"","format":"standard","meta":{"footnotes":""},"categories":[1],"tags":[],"class_list":["post-12181","post","type-post","status-publish","format-standard","hentry","category-sin-categoria"],"_links":{"self":[{"href":"https:\/\/www.benarabi.org\/index.php?rest_route=\/wp\/v2\/posts\/12181","targetHints":{"allow":["GET"]}}],"collection":[{"href":"https:\/\/www.benarabi.org\/index.php?rest_route=\/wp\/v2\/posts"}],"about":[{"href":"https:\/\/www.benarabi.org\/index.php?rest_route=\/wp\/v2\/types\/post"}],"author":[{"embeddable":true,"href":"https:\/\/www.benarabi.org\/index.php?rest_route=\/wp\/v2\/users\/1"}],"replies":[{"embeddable":true,"href":"https:\/\/www.benarabi.org\/index.php?rest_route=%2Fwp%2Fv2%2Fcomments&post=12181"}],"version-history":[{"count":3,"href":"https:\/\/www.benarabi.org\/index.php?rest_route=\/wp\/v2\/posts\/12181\/revisions"}],"predecessor-version":[{"id":12187,"href":"https:\/\/www.benarabi.org\/index.php?rest_route=\/wp\/v2\/posts\/12181\/revisions\/12187"}],"wp:attachment":[{"href":"https:\/\/www.benarabi.org\/index.php?rest_route=%2Fwp%2Fv2%2Fmedia&parent=12181"}],"wp:term":[{"taxonomy":"category","embeddable":true,"href":"https:\/\/www.benarabi.org\/index.php?rest_route=%2Fwp%2Fv2%2Fcategories&post=12181"},{"taxonomy":"post_tag","embeddable":true,"href":"https:\/\/www.benarabi.org\/index.php?rest_route=%2Fwp%2Fv2%2Ftags&post=12181"}],"curies":[{"name":"wp","href":"https:\/\/api.w.org\/{rel}","templated":true}]}}