{"id":12188,"date":"2024-06-10T12:56:47","date_gmt":"2024-06-10T10:56:47","guid":{"rendered":"https:\/\/www.benarabi.org\/?p=12188"},"modified":"2024-06-12T13:42:48","modified_gmt":"2024-06-12T11:42:48","slug":"ayudas-individualizadas-de-transporte-escolar-curso-2022-2023","status":"publish","type":"post","link":"https:\/\/www.benarabi.org\/?p=12188","title":{"rendered":"Ayudas individualizadas de transporte escolar curso 2022-2023"},"content":{"rendered":"<p style=\"text-align: justify;\"><img loading=\"lazy\" decoding=\"async\" class=\"size-full alignleft\" src=\"https:\/\/www.benarabi.org\/wp-content\/uploads\/2020\/06\/ayudas-individualizadas-de-transporte-escolar-para-el-curso-2017-2018-e1592845465566.jpg\" width=\"150\" height=\"148\" \/>Se ha publicado la convocatoria de ayudas individualizadas de\u00a0<span class=\"il\">transporte<\/span>\u00a0escolar seg\u00fan extracto de Orden de la Consejer\u00eda de Educaci\u00f3n, Formaci\u00f3n Profesional y Empleo por la que se convocan ayudas individualizadas de\u00a0<span class=\"il\">transporte<\/span> escolar para el curso 2022-2023. Puede consultar el extracto de la orden <a href=\"https:\/\/www.benarabi.org\/wp-content\/uploads\/2024\/06\/Extracto-Orden-Ayudas-Individualizadas-22-23.pdf\">pinchando aqu\u00ed<\/a>.<\/p>\n","protected":false},"excerpt":{"rendered":"<p>Se ha publicado la convocatoria de ayudas individualizadas de\u00a0transporte\u00a0escolar seg\u00fan extracto de Orden de la Consejer\u00eda de Educaci\u00f3n, Formaci\u00f3n Profesional y Empleo por la que se convocan ayudas individualizadas de\u00a0transporte escolar para el curso 2022-2023. Puede consultar el extracto de la orden pinchando aqu\u00ed.<\/p>\n","protected":false},"author":1,"featured_media":0,"comment_status":"closed","ping_status":"open","sticky":false,"template":"","format":"standard","meta":{"footnotes":""},"categories":[1],"tags":[],"class_list":["post-12188","post","type-post","status-publish","format-standard","hentry","category-sin-categoria"],"_links":{"self":[{"href":"https:\/\/www.benarabi.org\/index.php?rest_route=\/wp\/v2\/posts\/12188","targetHints":{"allow":["GET"]}}],"collection":[{"href":"https:\/\/www.benarabi.org\/index.php?rest_route=\/wp\/v2\/posts"}],"about":[{"href":"https:\/\/www.benarabi.org\/index.php?rest_route=\/wp\/v2\/types\/post"}],"author":[{"embeddable":true,"href":"https:\/\/www.benarabi.org\/index.php?rest_route=\/wp\/v2\/users\/1"}],"replies":[{"embeddable":true,"href":"https:\/\/www.benarabi.org\/index.php?rest_route=%2Fwp%2Fv2%2Fcomments&post=12188"}],"version-history":[{"count":2,"href":"https:\/\/www.benarabi.org\/index.php?rest_route=\/wp\/v2\/posts\/12188\/revisions"}],"predecessor-version":[{"id":12191,"href":"https:\/\/www.benarabi.org\/index.php?rest_route=\/wp\/v2\/posts\/12188\/revisions\/12191"}],"wp:attachment":[{"href":"https:\/\/www.benarabi.org\/index.php?rest_route=%2Fwp%2Fv2%2Fmedia&parent=12188"}],"wp:term":[{"taxonomy":"category","embeddable":true,"href":"https:\/\/www.benarabi.org\/index.php?rest_route=%2Fwp%2Fv2%2Fcategories&post=12188"},{"taxonomy":"post_tag","embeddable":true,"href":"https:\/\/www.benarabi.org\/index.php?rest_route=%2Fwp%2Fv2%2Ftags&post=12188"}],"curies":[{"name":"wp","href":"https:\/\/api.w.org\/{rel}","templated":true}]}}