{"id":12193,"date":"2024-06-13T13:51:39","date_gmt":"2024-06-13T11:51:39","guid":{"rendered":"https:\/\/www.benarabi.org\/?p=12193"},"modified":"2024-06-14T10:14:17","modified_gmt":"2024-06-14T08:14:17","slug":"titulo-visita-centro-secundaria-en-frendstat-p-r-en-republica-checa","status":"publish","type":"post","link":"https:\/\/www.benarabi.org\/?p=12193","title":{"rendered":"T\u00edtulo: Visita centro Secundaria en Frenstat P.R. en Rep\u00fablica Checa"},"content":{"rendered":"<p style=\"text-align: justify;\">D<a href=\"https:\/\/www.benarabi.org\/wp-content\/uploads\/2024\/06\/1000047205-scaled.jpg\"><img loading=\"lazy\" decoding=\"async\" class=\"wp-image-12194 alignleft\" src=\"https:\/\/www.benarabi.org\/wp-content\/uploads\/2024\/06\/1000047205-scaled.jpg\" alt=\"\" width=\"150\" height=\"113\" srcset=\"https:\/\/www.benarabi.org\/wp-content\/uploads\/2024\/06\/1000047205-scaled.jpg 2560w, https:\/\/www.benarabi.org\/wp-content\/uploads\/2024\/06\/1000047205-768x576.jpg 768w, https:\/\/www.benarabi.org\/wp-content\/uploads\/2024\/06\/1000047205-1536x1152.jpg 1536w, https:\/\/www.benarabi.org\/wp-content\/uploads\/2024\/06\/1000047205-2048x1536.jpg 2048w\" sizes=\"auto, (max-width: 150px) 100vw, 150px\" \/><\/a>el 10 al 13 de junio, los profesores M\u00f3nica Borgo\u00f1\u00f3s Garc\u00eda (Jefa de Actividades Complementarias) y Juan Pedro Liarte Belmonte (Coordinador Erasmus +) han estado en la ciudad de Frenstat Pod Radhonstein. Durante 3 intensos d\u00edas, acompa\u00f1ados por la coordinadora Erasmus+ del centro Darina \u010cernochov\u00e1 y por la Jefa de Estudios Katerina Vankova hemos podido conocer c\u00f3mo trabajan en un instituto de la Rep\u00fablica Checa. El centro de referencia <em><u>Gymn\u00e1zium a St\u0159edn\u00ed pr\u016fmyslov\u00e1 \u0161kola elektrotechniky a informatiky<\/u><\/em> se encuentra situado en el centro de la ciudad. Alberga un total de 650 alumnos con edades comprendidas entre los 12 y los 18 a\u00f1os. Su sistema de Ense\u00f1anza es similar al nuestro.<\/p>\n<p style=\"text-align: justify;\">Una visita muy interesante dividida en 3 partes:<\/p>\n<p style=\"text-align: justify;\">1\u00ba Conocer la ciudad y las dependencias del centro, as\u00ed como el funcionamiento interno del mismo: horarios, organizaci\u00f3n de espacios, modalidades de estudios.<\/p>\n<p style=\"text-align: justify;\">2\u00ba Reuniones de coordinaci\u00f3n con Darina Cernochova (Coordinadora Erasmus +) y la jefa de Estudios.<\/p>\n<p style=\"text-align: justify;\">3\u00ba Encuentro y visita con el director del centro Richard Step\u00e1n.<!--more--><\/p>\n<ol style=\"text-align: justify;\" start=\"4\">\n<li>Visita de ciudades hist\u00f3ricas de los alrededores.<\/li>\n<li>Sistema de ense\u00f1anza de idiomas basado en la tecnolog\u00eda Smart Class de Robotel.<\/li>\n<li>Observaci\u00f3n directa en el aula de clases de varias materias: Franc\u00e9s, Ingl\u00e9s, Geograf\u00eda e Historia, Educaci\u00f3n F\u00edsica y Matem\u00e1ticas.<\/li>\n<li>Gesti\u00f3n y organizaci\u00f3n del profesorado en su trabajo acad\u00e9mico.<\/li>\n<li>Vida de estudiantes: horario, responsabilidades, comida en la cafeter\u00eda del Instituto, material did\u00e1ctico, uso de las instalaciones, reglamento r\u00e9gimen interior,&#8230;<\/li>\n<\/ol>\n<p style=\"text-align: justify;\">Una de las limitaciones de este job shadowing podr\u00eda ser el idioma, pero, gracias a la organizaci\u00f3n del centro, en todo momento los profesores han estado acompa\u00f1ados por varios alumnos de 2\u00ba curso Zuzana Morkovska, Jakub Harabis, Alzbeta Novotna y Sofie \u010cernochov\u00e1 de (2\u00ba grado de 17 a\u00f1os). Su misi\u00f3n ha sido acompa\u00f1arnos en las clases, traducir del checo al ingl\u00e9s y contestar a las posibles cuestiones que pudieran ir surgiendo. Un recibimiento y atenci\u00f3n personal y de gran calidez que nos ha hecho sentir como en casa.<\/p>\n<p style=\"text-align: justify;\">Tambi\u00e9n agradecer a los profesores que nos han recibido en sus clases con los brazos abiertos: Jindriska Slovakova (GH), Ludmila Tichavska (EF), Adam Polach (Ingl\u00e9s), Alena\u00a0 Janoskova(EF), Darina Cernochova (Franc\u00e9s) y Renata Zarska (Matem.).<\/p>\n<p style=\"text-align: justify;\">Finalmente la visita ha servido para abrir un abanico de posibles colaboraciones futuras como jobshadowing en nuestro centro, movilidades en grupo de alumnos, visitas preparatorias, una posible colaboraci\u00f3n de un proyecto de historia con el departamento de geograf\u00eda, entre otras.<\/p>\n<p style=\"text-align: justify;\">Redacci\u00f3n: Juan Pedro Liarte Belmonte<\/p>\n<p style=\"text-align: justify;\">Coordinador Erasmus +<\/p>\n<div id='gallery-1' class='gallery galleryid-12193 gallery-columns-7 gallery-size-thumbnail'><figure class='gallery-item'>\n\t\t\t<div class='gallery-icon landscape'>\n\t\t\t\t<a href='https:\/\/www.benarabi.org\/?attachment_id=12194'><img loading=\"lazy\" decoding=\"async\" width=\"250\" height=\"141\" src=\"https:\/\/www.benarabi.org\/wp-content\/uploads\/2024\/06\/1000047205-250x141.jpg\" class=\"attachment-thumbnail size-thumbnail\" alt=\"\" srcset=\"https:\/\/www.benarabi.org\/wp-content\/uploads\/2024\/06\/1000047205-250x141.jpg 250w, https:\/\/www.benarabi.org\/wp-content\/uploads\/2024\/06\/1000047205-850x478.jpg 850w, https:\/\/www.benarabi.org\/wp-content\/uploads\/2024\/06\/1000047205-1200x675.jpg 1200w\" sizes=\"auto, (max-width: 250px) 100vw, 250px\" \/><\/a>\n\t\t\t<\/div><\/figure><figure class='gallery-item'>\n\t\t\t<div class='gallery-icon landscape'>\n\t\t\t\t<a href='https:\/\/www.benarabi.org\/?attachment_id=12195'><img loading=\"lazy\" decoding=\"async\" width=\"250\" height=\"141\" src=\"https:\/\/www.benarabi.org\/wp-content\/uploads\/2024\/06\/1000047327-250x141.jpg\" class=\"attachment-thumbnail size-thumbnail\" alt=\"\" srcset=\"https:\/\/www.benarabi.org\/wp-content\/uploads\/2024\/06\/1000047327-250x141.jpg 250w, https:\/\/www.benarabi.org\/wp-content\/uploads\/2024\/06\/1000047327-850x478.jpg 850w, https:\/\/www.benarabi.org\/wp-content\/uploads\/2024\/06\/1000047327-1200x675.jpg 1200w\" sizes=\"auto, (max-width: 250px) 100vw, 250px\" \/><\/a>\n\t\t\t<\/div><\/figure><figure class='gallery-item'>\n\t\t\t<div class='gallery-icon landscape'>\n\t\t\t\t<a href='https:\/\/www.benarabi.org\/?attachment_id=12196'><img loading=\"lazy\" decoding=\"async\" width=\"250\" height=\"141\" src=\"https:\/\/www.benarabi.org\/wp-content\/uploads\/2024\/06\/1000047208-250x141.jpg\" class=\"attachment-thumbnail size-thumbnail\" alt=\"\" srcset=\"https:\/\/www.benarabi.org\/wp-content\/uploads\/2024\/06\/1000047208-250x141.jpg 250w, https:\/\/www.benarabi.org\/wp-content\/uploads\/2024\/06\/1000047208-850x478.jpg 850w, https:\/\/www.benarabi.org\/wp-content\/uploads\/2024\/06\/1000047208-1200x675.jpg 1200w, https:\/\/www.benarabi.org\/wp-content\/uploads\/2024\/06\/1000047208-768x432.jpg 768w, https:\/\/www.benarabi.org\/wp-content\/uploads\/2024\/06\/1000047208-1536x864.jpg 1536w, https:\/\/www.benarabi.org\/wp-content\/uploads\/2024\/06\/1000047208-2048x1152.jpg 2048w\" sizes=\"auto, (max-width: 250px) 100vw, 250px\" \/><\/a>\n\t\t\t<\/div><\/figure><figure class='gallery-item'>\n\t\t\t<div class='gallery-icon landscape'>\n\t\t\t\t<a href='https:\/\/www.benarabi.org\/?attachment_id=12197'><img loading=\"lazy\" decoding=\"async\" width=\"250\" height=\"141\" src=\"https:\/\/www.benarabi.org\/wp-content\/uploads\/2024\/06\/1000047622-250x141.jpg\" class=\"attachment-thumbnail size-thumbnail\" alt=\"\" srcset=\"https:\/\/www.benarabi.org\/wp-content\/uploads\/2024\/06\/1000047622-250x141.jpg 250w, https:\/\/www.benarabi.org\/wp-content\/uploads\/2024\/06\/1000047622-850x478.jpg 850w, https:\/\/www.benarabi.org\/wp-content\/uploads\/2024\/06\/1000047622-1200x675.jpg 1200w\" sizes=\"auto, (max-width: 250px) 100vw, 250px\" \/><\/a>\n\t\t\t<\/div><\/figure><figure class='gallery-item'>\n\t\t\t<div class='gallery-icon landscape'>\n\t\t\t\t<a href='https:\/\/www.benarabi.org\/?attachment_id=12198'><img loading=\"lazy\" decoding=\"async\" width=\"250\" height=\"141\" src=\"https:\/\/www.benarabi.org\/wp-content\/uploads\/2024\/06\/1000047230-250x141.jpg\" class=\"attachment-thumbnail size-thumbnail\" alt=\"\" srcset=\"https:\/\/www.benarabi.org\/wp-content\/uploads\/2024\/06\/1000047230-250x141.jpg 250w, https:\/\/www.benarabi.org\/wp-content\/uploads\/2024\/06\/1000047230-850x478.jpg 850w, https:\/\/www.benarabi.org\/wp-content\/uploads\/2024\/06\/1000047230-1200x675.jpg 1200w\" sizes=\"auto, (max-width: 250px) 100vw, 250px\" \/><\/a>\n\t\t\t<\/div><\/figure><figure class='gallery-item'>\n\t\t\t<div class='gallery-icon landscape'>\n\t\t\t\t<a href='https:\/\/www.benarabi.org\/?attachment_id=12199'><img loading=\"lazy\" decoding=\"async\" width=\"250\" height=\"141\" src=\"https:\/\/www.benarabi.org\/wp-content\/uploads\/2024\/06\/1000047596-250x141.jpg\" class=\"attachment-thumbnail size-thumbnail\" alt=\"\" srcset=\"https:\/\/www.benarabi.org\/wp-content\/uploads\/2024\/06\/1000047596-250x141.jpg 250w, https:\/\/www.benarabi.org\/wp-content\/uploads\/2024\/06\/1000047596-850x478.jpg 850w, https:\/\/www.benarabi.org\/wp-content\/uploads\/2024\/06\/1000047596-1200x675.jpg 1200w\" sizes=\"auto, (max-width: 250px) 100vw, 250px\" \/><\/a>\n\t\t\t<\/div><\/figure><figure class='gallery-item'>\n\t\t\t<div class='gallery-icon landscape'>\n\t\t\t\t<a href='https:\/\/www.benarabi.org\/?attachment_id=12200'><img loading=\"lazy\" decoding=\"async\" width=\"250\" height=\"141\" src=\"https:\/\/www.benarabi.org\/wp-content\/uploads\/2024\/06\/1000047266-250x141.jpg\" class=\"attachment-thumbnail size-thumbnail\" alt=\"\" srcset=\"https:\/\/www.benarabi.org\/wp-content\/uploads\/2024\/06\/1000047266-250x141.jpg 250w, https:\/\/www.benarabi.org\/wp-content\/uploads\/2024\/06\/1000047266-850x478.jpg 850w, https:\/\/www.benarabi.org\/wp-content\/uploads\/2024\/06\/1000047266-1200x675.jpg 1200w\" sizes=\"auto, (max-width: 250px) 100vw, 250px\" \/><\/a>\n\t\t\t<\/div><\/figure>\n\t\t<\/div>\n\n","protected":false},"excerpt":{"rendered":"<p>Del 10 al 13 de junio, los profesores M\u00f3nica Borgo\u00f1\u00f3s Garc\u00eda (Jefa de Actividades Complementarias) y Juan Pedro Liarte Belmonte (Coordinador Erasmus +) han estado en la ciudad de Frenstat Pod Radhonstein. Durante 3 intensos d\u00edas, acompa\u00f1ados por la coordinadora Erasmus+ del centro Darina \u010cernochov\u00e1 y por la Jefa de Estudios Katerina Vankova hemos podido [&hellip;]<\/p>\n","protected":false},"author":1,"featured_media":0,"comment_status":"closed","ping_status":"open","sticky":false,"template":"","format":"standard","meta":{"footnotes":""},"categories":[1],"tags":[],"class_list":["post-12193","post","type-post","status-publish","format-standard","hentry","category-sin-categoria"],"_links":{"self":[{"href":"https:\/\/www.benarabi.org\/index.php?rest_route=\/wp\/v2\/posts\/12193","targetHints":{"allow":["GET"]}}],"collection":[{"href":"https:\/\/www.benarabi.org\/index.php?rest_route=\/wp\/v2\/posts"}],"about":[{"href":"https:\/\/www.benarabi.org\/index.php?rest_route=\/wp\/v2\/types\/post"}],"author":[{"embeddable":true,"href":"https:\/\/www.benarabi.org\/index.php?rest_route=\/wp\/v2\/users\/1"}],"replies":[{"embeddable":true,"href":"https:\/\/www.benarabi.org\/index.php?rest_route=%2Fwp%2Fv2%2Fcomments&post=12193"}],"version-history":[{"count":3,"href":"https:\/\/www.benarabi.org\/index.php?rest_route=\/wp\/v2\/posts\/12193\/revisions"}],"predecessor-version":[{"id":12203,"href":"https:\/\/www.benarabi.org\/index.php?rest_route=\/wp\/v2\/posts\/12193\/revisions\/12203"}],"wp:attachment":[{"href":"https:\/\/www.benarabi.org\/index.php?rest_route=%2Fwp%2Fv2%2Fmedia&parent=12193"}],"wp:term":[{"taxonomy":"category","embeddable":true,"href":"https:\/\/www.benarabi.org\/index.php?rest_route=%2Fwp%2Fv2%2Fcategories&post=12193"},{"taxonomy":"post_tag","embeddable":true,"href":"https:\/\/www.benarabi.org\/index.php?rest_route=%2Fwp%2Fv2%2Ftags&post=12193"}],"curies":[{"name":"wp","href":"https:\/\/api.w.org\/{rel}","templated":true}]}}