{"id":12217,"date":"2024-06-25T09:23:04","date_gmt":"2024-06-25T07:23:04","guid":{"rendered":"https:\/\/www.benarabi.org\/?p=12217"},"modified":"2024-06-25T09:24:46","modified_gmt":"2024-06-25T07:24:46","slug":"noticia-segundo-premio-en-el-concurso-math-talentum","status":"publish","type":"post","link":"https:\/\/www.benarabi.org\/?p=12217","title":{"rendered":"SEGUNDO PREMIO EN EL CONCURSO MATH TALENTUM"},"content":{"rendered":"<p style=\"text-align: justify;\"><a href=\"https:\/\/www.benarabi.org\/wp-content\/uploads\/2024\/06\/IMG_8654.png\"><img loading=\"lazy\" decoding=\"async\" class=\"wp-image-12218 alignleft\" src=\"https:\/\/www.benarabi.org\/wp-content\/uploads\/2024\/06\/IMG_8654.png\" alt=\"\" width=\"150\" height=\"113\" srcset=\"https:\/\/www.benarabi.org\/wp-content\/uploads\/2024\/06\/IMG_8654.png 4032w, https:\/\/www.benarabi.org\/wp-content\/uploads\/2024\/06\/IMG_8654-768x576.png 768w, https:\/\/www.benarabi.org\/wp-content\/uploads\/2024\/06\/IMG_8654-1536x1152.png 1536w, https:\/\/www.benarabi.org\/wp-content\/uploads\/2024\/06\/IMG_8654-2048x1536.png 2048w\" sizes=\"auto, (max-width: 150px) 100vw, 150px\" \/><\/a>El pasado mi\u00e9rcoles 19 de junio, los alumnos de la clase E2F del IES Ben Arab\u00ed, <strong>Sof\u00eda Daoubi, Enrique Fern\u00e1ndez, Javier Mulas, Miguel \u00c1ngel Pastor y Sergio Vi\u00f1als,<\/strong> recibieron el <strong>segundo premio<\/strong> en la <strong>5\u00aa Edici\u00f3n del Concurso Math TalentUM<\/strong>, dirigidos por la profesora <strong>M\u00f3nica Borgo\u00f1\u00f3s<\/strong>, del dpto. de Matem\u00e1ticas.<\/p>\n<p style=\"text-align: justify;\">Este concurso, organizado por la Facultad de Matem\u00e1ticas y por la Unidad de Cultura Cient\u00edfica y de la Innovaci\u00f3n de la Universidad de Murcia, propone a equipos de centros regionales de ense\u00f1anza primaria y secundaria\u00a0la realizaci\u00f3n de una creaci\u00f3n con base matem\u00e1tica o que promueva el empleo de las matem\u00e1ticas.<\/p>\n<p style=\"text-align: justify;\">El equipo de nuestro centro ha quedado en segunda posici\u00f3n tras un largo proceso. En primer lugar, en diciembre pasaron una primera fase (de entre m\u00e1s de 30 equipos) donde presentaron \u201c<strong><em>La Conjetura de Collatz<\/em><\/strong>\u201d en un v\u00eddeo de 3 minutos. Posteriormente en el mes de marzo, avanzaron en la segunda fase en la que desarrollaron dicho proyecto en un v\u00eddeo de 8 minutos. Finalmente, en mayo asistieron a la Facultad de Matem\u00e1ticas de la UMU para la realizaci\u00f3n de unas pruebas de ingenio matem\u00e1tico, quedando en segunda posici\u00f3n.<\/p>\n<p style=\"text-align: justify;\">Felicitar a todos los participantes y dar la enhorabuena al equipo de nuestro centro por su esfuerzo durante todo el curso y su inter\u00e9s por ampliar sus conocimientos en matem\u00e1ticas.<\/p>\n<p style=\"text-align: justify;\">M\u00f3nica Borgo\u00f1\u00f3s Garc\u00eda<\/p>\n<p style=\"text-align: justify;\">20 Junio 2024<\/p>\n<div id='gallery-1' class='gallery galleryid-12217 gallery-columns-4 gallery-size-thumbnail'><figure class='gallery-item'>\n\t\t\t<div class='gallery-icon landscape'>\n\t\t\t\t<a href='https:\/\/www.benarabi.org\/?attachment_id=12218'><img loading=\"lazy\" decoding=\"async\" width=\"250\" height=\"141\" src=\"https:\/\/www.benarabi.org\/wp-content\/uploads\/2024\/06\/IMG_8654-250x141.png\" class=\"attachment-thumbnail size-thumbnail\" alt=\"\" srcset=\"https:\/\/www.benarabi.org\/wp-content\/uploads\/2024\/06\/IMG_8654-250x141.png 250w, https:\/\/www.benarabi.org\/wp-content\/uploads\/2024\/06\/IMG_8654-850x478.png 850w, https:\/\/www.benarabi.org\/wp-content\/uploads\/2024\/06\/IMG_8654-1200x675.png 1200w\" sizes=\"auto, (max-width: 250px) 100vw, 250px\" \/><\/a>\n\t\t\t<\/div><\/figure><figure class='gallery-item'>\n\t\t\t<div class='gallery-icon portrait'>\n\t\t\t\t<a href='https:\/\/www.benarabi.org\/?attachment_id=12219'><img loading=\"lazy\" decoding=\"async\" width=\"250\" height=\"141\" src=\"https:\/\/www.benarabi.org\/wp-content\/uploads\/2024\/06\/IMG_7905-250x141.png\" class=\"attachment-thumbnail size-thumbnail\" alt=\"\" srcset=\"https:\/\/www.benarabi.org\/wp-content\/uploads\/2024\/06\/IMG_7905-250x141.png 250w, https:\/\/www.benarabi.org\/wp-content\/uploads\/2024\/06\/IMG_7905-850x478.png 850w, https:\/\/www.benarabi.org\/wp-content\/uploads\/2024\/06\/IMG_7905-1200x675.png 1200w\" sizes=\"auto, (max-width: 250px) 100vw, 250px\" \/><\/a>\n\t\t\t<\/div><\/figure><figure class='gallery-item'>\n\t\t\t<div class='gallery-icon portrait'>\n\t\t\t\t<a href='https:\/\/www.benarabi.org\/?attachment_id=12220'><img loading=\"lazy\" decoding=\"async\" width=\"250\" height=\"141\" src=\"https:\/\/www.benarabi.org\/wp-content\/uploads\/2024\/06\/IMG_7902-250x141.png\" class=\"attachment-thumbnail size-thumbnail\" alt=\"\" srcset=\"https:\/\/www.benarabi.org\/wp-content\/uploads\/2024\/06\/IMG_7902-250x141.png 250w, https:\/\/www.benarabi.org\/wp-content\/uploads\/2024\/06\/IMG_7902-850x478.png 850w, https:\/\/www.benarabi.org\/wp-content\/uploads\/2024\/06\/IMG_7902-1200x675.png 1200w\" sizes=\"auto, (max-width: 250px) 100vw, 250px\" \/><\/a>\n\t\t\t<\/div><\/figure><figure class='gallery-item'>\n\t\t\t<div class='gallery-icon landscape'>\n\t\t\t\t<a href='https:\/\/www.benarabi.org\/?attachment_id=12221'><img loading=\"lazy\" decoding=\"async\" width=\"250\" height=\"141\" src=\"https:\/\/www.benarabi.org\/wp-content\/uploads\/2024\/06\/IMG_7898-250x141.png\" class=\"attachment-thumbnail size-thumbnail\" alt=\"\" srcset=\"https:\/\/www.benarabi.org\/wp-content\/uploads\/2024\/06\/IMG_7898-250x141.png 250w, https:\/\/www.benarabi.org\/wp-content\/uploads\/2024\/06\/IMG_7898-850x478.png 850w, https:\/\/www.benarabi.org\/wp-content\/uploads\/2024\/06\/IMG_7898-1200x675.png 1200w\" sizes=\"auto, (max-width: 250px) 100vw, 250px\" \/><\/a>\n\t\t\t<\/div><\/figure>\n\t\t<\/div>\n\n","protected":false},"excerpt":{"rendered":"<p>El pasado mi\u00e9rcoles 19 de junio, los alumnos de la clase E2F del IES Ben Arab\u00ed, Sof\u00eda Daoubi, Enrique Fern\u00e1ndez, Javier Mulas, Miguel \u00c1ngel Pastor y Sergio Vi\u00f1als, recibieron el segundo premio en la 5\u00aa Edici\u00f3n del Concurso Math TalentUM, dirigidos por la profesora M\u00f3nica Borgo\u00f1\u00f3s, del dpto. de Matem\u00e1ticas. Este concurso, organizado por la [&hellip;]<\/p>\n","protected":false},"author":1,"featured_media":0,"comment_status":"closed","ping_status":"open","sticky":false,"template":"","format":"standard","meta":{"footnotes":""},"categories":[1],"tags":[],"class_list":["post-12217","post","type-post","status-publish","format-standard","hentry","category-sin-categoria"],"_links":{"self":[{"href":"https:\/\/www.benarabi.org\/index.php?rest_route=\/wp\/v2\/posts\/12217","targetHints":{"allow":["GET"]}}],"collection":[{"href":"https:\/\/www.benarabi.org\/index.php?rest_route=\/wp\/v2\/posts"}],"about":[{"href":"https:\/\/www.benarabi.org\/index.php?rest_route=\/wp\/v2\/types\/post"}],"author":[{"embeddable":true,"href":"https:\/\/www.benarabi.org\/index.php?rest_route=\/wp\/v2\/users\/1"}],"replies":[{"embeddable":true,"href":"https:\/\/www.benarabi.org\/index.php?rest_route=%2Fwp%2Fv2%2Fcomments&post=12217"}],"version-history":[{"count":2,"href":"https:\/\/www.benarabi.org\/index.php?rest_route=\/wp\/v2\/posts\/12217\/revisions"}],"predecessor-version":[{"id":12224,"href":"https:\/\/www.benarabi.org\/index.php?rest_route=\/wp\/v2\/posts\/12217\/revisions\/12224"}],"wp:attachment":[{"href":"https:\/\/www.benarabi.org\/index.php?rest_route=%2Fwp%2Fv2%2Fmedia&parent=12217"}],"wp:term":[{"taxonomy":"category","embeddable":true,"href":"https:\/\/www.benarabi.org\/index.php?rest_route=%2Fwp%2Fv2%2Fcategories&post=12217"},{"taxonomy":"post_tag","embeddable":true,"href":"https:\/\/www.benarabi.org\/index.php?rest_route=%2Fwp%2Fv2%2Ftags&post=12217"}],"curies":[{"name":"wp","href":"https:\/\/api.w.org\/{rel}","templated":true}]}}